{"id":7512,"date":"2025-11-18T14:52:36","date_gmt":"2025-11-18T14:52:36","guid":{"rendered":"https:\/\/www.djurskyddet.se\/bollnasovanaker\/?p=7512"},"modified":"2025-11-18T14:54:32","modified_gmt":"2025-11-18T14:54:32","slug":"eben-ebbot","status":"publish","type":"post","link":"https:\/\/www.djurskyddet.se\/bollnasovanaker\/soker-hem\/eben-ebbot\/","title":{"rendered":"Eben &amp; Ebbot"},"content":{"rendered":"\n<p>Eben (svart) &amp; Ebbot (r\u00f6d) \u00e4r f\u00f6dda ute och f\u00e5ngad i f\u00e4lla i och killarna \u00e4r 2 av 9 katter som f\u00e5ngats in p\u00e5 samma omr\u00e5de i Edsbyn. Vet ej \u00e5lder. Har bott i jourhem i 9 m\u00e5naser och bor nu p\u00e5 katthemmet sen den 19 september -25. \u00c4r fortfarande os\u00e4kra p\u00e5 oss m\u00e4nniskor men har gjort framsteg p\u00e5 sista tiden, Dom ska flytta till samma hem. ett lugnt hem utan barn som innekatter.<\/p>\n\n\n\n<p><\/p>\n","protected":false},"excerpt":{"rendered":"<p>Eben (svart) &amp; Ebbot (r\u00f6d) \u00e4r f\u00f6dda ute och f\u00e5ngad i f\u00e4lla i och killarna \u00e4r 2 av 9 katter som f\u00e5ngats in p\u00e5 samma omr\u00e5de i Edsbyn. Vet ej \u00e5lder. Har bott i jourhem i 9 m\u00e5naser och bor nu p\u00e5 katthemmet sen den 19 september -25. \u00c4r fortfarande os\u00e4kra p\u00e5 oss m\u00e4nniskor men har gjort framsteg p\u00e5 sista tiden, Dom ska flytta till samma hem. ett lugnt hem&hellip;<\/p>\n<p><a class=\"more-link\" href=\"https:\/\/www.djurskyddet.se\/bollnasovanaker\/soker-hem\/eben-ebbot\/\" title=\"Continue reading &lsquo;Eben &amp; Ebbot&rsquo;\">L&auml;s mer<span class=\"meta-nav\">&raquo;<\/span><\/a><\/p>\n","protected":false},"author":31,"featured_media":7510,"comment_status":"closed","ping_status":"open","sticky":false,"template":"","format":"standard","meta":{"_acf_changed":false,"footnotes":""},"categories":[19],"tags":[],"class_list":["post-7512","post","type-post","status-publish","format-standard","has-post-thumbnail","hentry","category-soker-hem"],"acf":[],"_links":{"self":[{"href":"https:\/\/www.djurskyddet.se\/bollnasovanaker\/wp-json\/wp\/v2\/posts\/7512","targetHints":{"allow":["GET"]}}],"collection":[{"href":"https:\/\/www.djurskyddet.se\/bollnasovanaker\/wp-json\/wp\/v2\/posts"}],"about":[{"href":"https:\/\/www.djurskyddet.se\/bollnasovanaker\/wp-json\/wp\/v2\/types\/post"}],"author":[{"embeddable":true,"href":"https:\/\/www.djurskyddet.se\/bollnasovanaker\/wp-json\/wp\/v2\/users\/31"}],"replies":[{"embeddable":true,"href":"https:\/\/www.djurskyddet.se\/bollnasovanaker\/wp-json\/wp\/v2\/comments?post=7512"}],"version-history":[{"count":2,"href":"https:\/\/www.djurskyddet.se\/bollnasovanaker\/wp-json\/wp\/v2\/posts\/7512\/revisions"}],"predecessor-version":[{"id":7514,"href":"https:\/\/www.djurskyddet.se\/bollnasovanaker\/wp-json\/wp\/v2\/posts\/7512\/revisions\/7514"}],"wp:featuredmedia":[{"embeddable":true,"href":"https:\/\/www.djurskyddet.se\/bollnasovanaker\/wp-json\/wp\/v2\/media\/7510"}],"wp:attachment":[{"href":"https:\/\/www.djurskyddet.se\/bollnasovanaker\/wp-json\/wp\/v2\/media?parent=7512"}],"wp:term":[{"taxonomy":"category","embeddable":true,"href":"https:\/\/www.djurskyddet.se\/bollnasovanaker\/wp-json\/wp\/v2\/categories?post=7512"},{"taxonomy":"post_tag","embeddable":true,"href":"https:\/\/www.djurskyddet.se\/bollnasovanaker\/wp-json\/wp\/v2\/tags?post=7512"}],"curies":[{"name":"wp","href":"https:\/\/api.w.org\/{rel}","templated":true}]}}