{"id":6238,"date":"2025-10-07T15:36:38","date_gmt":"2025-10-07T15:36:38","guid":{"rendered":"https:\/\/www.djurskyddet.se\/dalarna\/?p=6238"},"modified":"2025-10-07T15:36:39","modified_gmt":"2025-10-07T15:36:39","slug":"beteskravet-blir-kvar-for-nu","status":"publish","type":"post","link":"https:\/\/www.djurskyddet.se\/dalarna\/senaste-nytt\/beteskravet-blir-kvar-for-nu\/","title":{"rendered":"Beteskravet blir kvar! F\u00f6r nu&#8230;"},"content":{"rendered":"\n<p>Regeringen har beslutat att det nuvarande beteskravet f\u00f6r kor ska forts\u00e4tta g\u00e4lla. Det inneb\u00e4r att kor \u00e4ven fram\u00f6ver ska f\u00e5 g\u00e5 ute p\u00e5 bete under sommarm\u00e5naderna. L\u00e4s mer i <a href=\"https:\/\/tidningen.djurskyddet.se\/2025\/09\/harligt-att-fira-kornas-bevarade-betesratt-arbetet-for-fler-djurarters-ratt-att-beta-picka-och-boka-fortsatter\/\" data-type=\"link\" data-id=\"https:\/\/tidningen.djurskyddet.se\/2025\/09\/harligt-att-fira-kornas-bevarade-betesratt-arbetet-for-fler-djurarters-ratt-att-beta-picka-och-boka-fortsatter\/\">Tidningen Djurskyddet<\/a><\/p>\n\n\n\n<figure class=\"wp-block-image size-medium is-style-default\"><img loading=\"lazy\" decoding=\"async\" width=\"240\" height=\"300\" src=\"https:\/\/www.djurskyddet.se\/dalarna\/wp-content\/uploads\/sites\/44\/2025\/10\/Beteskravet-blir-kvar-240x300.png\" alt=\"\" class=\"wp-image-6239\" srcset=\"https:\/\/www.djurskyddet.se\/dalarna\/wp-content\/uploads\/sites\/44\/2025\/10\/Beteskravet-blir-kvar-240x300.png 240w, https:\/\/www.djurskyddet.se\/dalarna\/wp-content\/uploads\/sites\/44\/2025\/10\/Beteskravet-blir-kvar-768x960.png 768w, https:\/\/www.djurskyddet.se\/dalarna\/wp-content\/uploads\/sites\/44\/2025\/10\/Beteskravet-blir-kvar-400x500.png 400w, https:\/\/www.djurskyddet.se\/dalarna\/wp-content\/uploads\/sites\/44\/2025\/10\/Beteskravet-blir-kvar.png 819w\" sizes=\"auto, (max-width: 240px) 100vw, 240px\" \/><\/figure>\n","protected":false},"excerpt":{"rendered":"<p>Regeringen har beslutat att det nuvarande beteskravet f\u00f6r kor ska forts\u00e4tta g\u00e4lla. Det inneb\u00e4r att kor \u00e4ven fram\u00f6ver ska f\u00e5 g\u00e5 ute p\u00e5 bete under sommarm\u00e5naderna. L\u00e4s mer i Tidningen Djurskyddet<\/p>\n","protected":false},"author":46,"featured_media":0,"comment_status":"closed","ping_status":"open","sticky":false,"template":"","format":"standard","meta":{"_acf_changed":false,"footnotes":""},"categories":[18],"tags":[],"class_list":["post-6238","post","type-post","status-publish","format-standard","hentry","category-senaste-nytt"],"acf":[],"_links":{"self":[{"href":"https:\/\/www.djurskyddet.se\/dalarna\/wp-json\/wp\/v2\/posts\/6238","targetHints":{"allow":["GET"]}}],"collection":[{"href":"https:\/\/www.djurskyddet.se\/dalarna\/wp-json\/wp\/v2\/posts"}],"about":[{"href":"https:\/\/www.djurskyddet.se\/dalarna\/wp-json\/wp\/v2\/types\/post"}],"author":[{"embeddable":true,"href":"https:\/\/www.djurskyddet.se\/dalarna\/wp-json\/wp\/v2\/users\/46"}],"replies":[{"embeddable":true,"href":"https:\/\/www.djurskyddet.se\/dalarna\/wp-json\/wp\/v2\/comments?post=6238"}],"version-history":[{"count":1,"href":"https:\/\/www.djurskyddet.se\/dalarna\/wp-json\/wp\/v2\/posts\/6238\/revisions"}],"predecessor-version":[{"id":6240,"href":"https:\/\/www.djurskyddet.se\/dalarna\/wp-json\/wp\/v2\/posts\/6238\/revisions\/6240"}],"wp:attachment":[{"href":"https:\/\/www.djurskyddet.se\/dalarna\/wp-json\/wp\/v2\/media?parent=6238"}],"wp:term":[{"taxonomy":"category","embeddable":true,"href":"https:\/\/www.djurskyddet.se\/dalarna\/wp-json\/wp\/v2\/categories?post=6238"},{"taxonomy":"post_tag","embeddable":true,"href":"https:\/\/www.djurskyddet.se\/dalarna\/wp-json\/wp\/v2\/tags?post=6238"}],"curies":[{"name":"wp","href":"https:\/\/api.w.org\/{rel}","templated":true}]}}