{"id":10009,"date":"2023-06-20T08:19:12","date_gmt":"2023-06-20T08:19:12","guid":{"rendered":"https:\/\/www.djurskyddet.se\/flyingebygden\/?p=10009"},"modified":"2023-06-21T08:25:19","modified_gmt":"2023-06-21T08:25:19","slug":"bertil","status":"publish","type":"post","link":"https:\/\/www.djurskyddet.se\/flyingebygden\/djur-vi-hjalpt\/2023\/bertil\/","title":{"rendered":"Bertil"},"content":{"rendered":"\n<p>Bertil kom in till djursjukhuset med en s\u00e5rskada som var behandlingsbar men d\u00e5 \u00e4garen hellre ville avliva \u00e4n behandla den i \u00f6vrigt fullt friska och tam, v\u00e4djade djursjukhuset till oss om hj\u00e4lp! \u00c4garen \u00f6verl\u00e4t d\u00e4rf\u00f6r Bertil till oss. Granne som matat och haft kontakt Bertil n\u00e4r han bodde hos sin tidigare \u00e4gare blev jourhem. Det m\u00e4rktes direkt att k\u00e4nde sig som hemma d\u00e4r och jourhemmet valde \u00e4ven att adoptera Bertil n\u00e4r s\u00e5ret var l\u00e4kt! En s\u00e5 underbar solskenshistoria!???<\/p>\n\n\n\n<figure class=\"wp-block-image size-full\"><img loading=\"lazy\" decoding=\"async\" width=\"1024\" height=\"768\" src=\"https:\/\/www.djurskyddet.se\/flyingebygden\/wp-content\/uploads\/sites\/53\/2023\/06\/bertil.jpeg\" alt=\"\" class=\"wp-image-10010\" srcset=\"https:\/\/www.djurskyddet.se\/flyingebygden\/wp-content\/uploads\/sites\/53\/2023\/06\/bertil.jpeg 1024w, https:\/\/www.djurskyddet.se\/flyingebygden\/wp-content\/uploads\/sites\/53\/2023\/06\/bertil-300x225.jpeg 300w, https:\/\/www.djurskyddet.se\/flyingebygden\/wp-content\/uploads\/sites\/53\/2023\/06\/bertil-768x576.jpeg 768w, https:\/\/www.djurskyddet.se\/flyingebygden\/wp-content\/uploads\/sites\/53\/2023\/06\/bertil-400x300.jpeg 400w\" sizes=\"auto, (max-width: 1024px) 100vw, 1024px\" \/><\/figure>\n","protected":false},"excerpt":{"rendered":"<p>Bertil kom in till djursjukhuset med en s\u00e5rskada som var behandlingsbar men d\u00e5 \u00e4garen hellre ville avliva \u00e4n behandla den i \u00f6vrigt fullt friska och tam, v\u00e4djade djursjukhuset till oss om hj\u00e4lp! \u00c4garen \u00f6verl\u00e4t d\u00e4rf\u00f6r Bertil till oss. Granne som matat och haft kontakt Bertil n\u00e4r han bodde hos sin tidigare \u00e4gare blev jourhem. Det m\u00e4rktes direkt att k\u00e4nde sig som hemma d\u00e4r och jourhemmet valde \u00e4ven att adoptera Bertil&hellip;<\/p>\n<p><a class=\"more-link\" href=\"https:\/\/www.djurskyddet.se\/flyingebygden\/djur-vi-hjalpt\/2023\/bertil\/\" title=\"Continue reading &lsquo;Bertil&rsquo;\">L&auml;s mer<span class=\"meta-nav\">&raquo;<\/span><\/a><\/p>\n","protected":false},"author":66,"featured_media":10010,"comment_status":"closed","ping_status":"open","sticky":false,"template":"","format":"standard","meta":{"_acf_changed":false,"footnotes":""},"categories":[29],"tags":[],"class_list":["post-10009","post","type-post","status-publish","format-standard","has-post-thumbnail","hentry","category-29"],"acf":[],"_links":{"self":[{"href":"https:\/\/www.djurskyddet.se\/flyingebygden\/wp-json\/wp\/v2\/posts\/10009","targetHints":{"allow":["GET"]}}],"collection":[{"href":"https:\/\/www.djurskyddet.se\/flyingebygden\/wp-json\/wp\/v2\/posts"}],"about":[{"href":"https:\/\/www.djurskyddet.se\/flyingebygden\/wp-json\/wp\/v2\/types\/post"}],"author":[{"embeddable":true,"href":"https:\/\/www.djurskyddet.se\/flyingebygden\/wp-json\/wp\/v2\/users\/66"}],"replies":[{"embeddable":true,"href":"https:\/\/www.djurskyddet.se\/flyingebygden\/wp-json\/wp\/v2\/comments?post=10009"}],"version-history":[{"count":4,"href":"https:\/\/www.djurskyddet.se\/flyingebygden\/wp-json\/wp\/v2\/posts\/10009\/revisions"}],"predecessor-version":[{"id":10015,"href":"https:\/\/www.djurskyddet.se\/flyingebygden\/wp-json\/wp\/v2\/posts\/10009\/revisions\/10015"}],"wp:featuredmedia":[{"embeddable":true,"href":"https:\/\/www.djurskyddet.se\/flyingebygden\/wp-json\/wp\/v2\/media\/10010"}],"wp:attachment":[{"href":"https:\/\/www.djurskyddet.se\/flyingebygden\/wp-json\/wp\/v2\/media?parent=10009"}],"wp:term":[{"taxonomy":"category","embeddable":true,"href":"https:\/\/www.djurskyddet.se\/flyingebygden\/wp-json\/wp\/v2\/categories?post=10009"},{"taxonomy":"post_tag","embeddable":true,"href":"https:\/\/www.djurskyddet.se\/flyingebygden\/wp-json\/wp\/v2\/tags?post=10009"}],"curies":[{"name":"wp","href":"https:\/\/api.w.org\/{rel}","templated":true}]}}