{"id":10078,"date":"2023-12-09T18:21:38","date_gmt":"2023-12-09T18:21:38","guid":{"rendered":"https:\/\/www.djurskyddet.se\/flyingebygden\/?p=10078"},"modified":"2024-05-01T06:17:03","modified_gmt":"2024-05-01T06:17:03","slug":"boris","status":"publish","type":"post","link":"https:\/\/www.djurskyddet.se\/flyingebygden\/djur-vi-hjalpt\/2023\/boris\/","title":{"rendered":"Boris"},"content":{"rendered":"\n<p>Nu har \u00e4ven Boris, som varit hos oss sedan i juni, \u00e4ntligen f\u00e5tt flytta till sitt nya k\u00e4rleksfulla f\u00f6r-alltid-hem! B\u00e4ttre julklapp kunde varken han eller vi f\u00e5tt! ??<\/p>\n\n\n\n<p>Boris hade synts till p\u00e5 kameror runt Gunnesbo i Lund i samband med f\u00f6rs\u00f6k att f\u00e5nga in tv\u00e5 f\u00f6rrymda katter. M\u00e4nniskor har matat sedan i oktober men inte lyckats f\u00e5nga in honom. I b\u00f6rjan av juni blev det j\u00e4tteakut att f\u00e5nga in honom d\u00e5 kommunen ska bygga bussgata och kommer snart skulle komma med sina bulldozers.&nbsp;<\/p>\n\n\n\n<p>Boris har en gammal skada p\u00e5 hornhinnan men vid unders\u00f6kning hos veterin\u00e4r s\u00e5gs inget tecken av p\u00e5g\u00e5ende sjukdom i \u00f6gat. D\u00e4remot sa veterin\u00e4ren att Boris gamla skadan kan utg\u00f6ra en \u00f6kad risk f\u00f6r \u00f6gonrelaterad sjukdom senare i livet.\u00a0<\/p>\n\n\n\n<figure class=\"wp-block-image size-full\"><img loading=\"lazy\" decoding=\"async\" width=\"480\" height=\"640\" src=\"https:\/\/www.djurskyddet.se\/flyingebygden\/wp-content\/uploads\/sites\/53\/2023\/06\/boris5.jpeg\" alt=\"\" class=\"wp-image-10620\" srcset=\"https:\/\/www.djurskyddet.se\/flyingebygden\/wp-content\/uploads\/sites\/53\/2023\/06\/boris5.jpeg 480w, https:\/\/www.djurskyddet.se\/flyingebygden\/wp-content\/uploads\/sites\/53\/2023\/06\/boris5-225x300.jpeg 225w, https:\/\/www.djurskyddet.se\/flyingebygden\/wp-content\/uploads\/sites\/53\/2023\/06\/boris5-400x533.jpeg 400w\" sizes=\"auto, (max-width: 480px) 100vw, 480px\" \/><\/figure>\n","protected":false},"excerpt":{"rendered":"<p>Nu har \u00e4ven Boris, som varit hos oss sedan i juni, \u00e4ntligen f\u00e5tt flytta till sitt nya k\u00e4rleksfulla f\u00f6r-alltid-hem! B\u00e4ttre julklapp kunde varken han eller vi f\u00e5tt! ?? Boris hade synts till p\u00e5 kameror runt Gunnesbo i Lund i samband med f\u00f6rs\u00f6k att f\u00e5nga in tv\u00e5 f\u00f6rrymda katter. M\u00e4nniskor har matat sedan i oktober men inte lyckats f\u00e5nga in honom. I b\u00f6rjan av juni blev det j\u00e4tteakut att f\u00e5nga in&hellip;<\/p>\n<p><a class=\"more-link\" href=\"https:\/\/www.djurskyddet.se\/flyingebygden\/djur-vi-hjalpt\/2023\/boris\/\" title=\"Continue reading &lsquo;Boris&rsquo;\">L&auml;s mer<span class=\"meta-nav\">&raquo;<\/span><\/a><\/p>\n","protected":false},"author":66,"featured_media":10620,"comment_status":"closed","ping_status":"open","sticky":false,"template":"","format":"standard","meta":{"_acf_changed":false,"footnotes":""},"categories":[29],"tags":[],"class_list":["post-10078","post","type-post","status-publish","format-standard","has-post-thumbnail","hentry","category-29"],"acf":[],"_links":{"self":[{"href":"https:\/\/www.djurskyddet.se\/flyingebygden\/wp-json\/wp\/v2\/posts\/10078","targetHints":{"allow":["GET"]}}],"collection":[{"href":"https:\/\/www.djurskyddet.se\/flyingebygden\/wp-json\/wp\/v2\/posts"}],"about":[{"href":"https:\/\/www.djurskyddet.se\/flyingebygden\/wp-json\/wp\/v2\/types\/post"}],"author":[{"embeddable":true,"href":"https:\/\/www.djurskyddet.se\/flyingebygden\/wp-json\/wp\/v2\/users\/66"}],"replies":[{"embeddable":true,"href":"https:\/\/www.djurskyddet.se\/flyingebygden\/wp-json\/wp\/v2\/comments?post=10078"}],"version-history":[{"count":23,"href":"https:\/\/www.djurskyddet.se\/flyingebygden\/wp-json\/wp\/v2\/posts\/10078\/revisions"}],"predecessor-version":[{"id":11335,"href":"https:\/\/www.djurskyddet.se\/flyingebygden\/wp-json\/wp\/v2\/posts\/10078\/revisions\/11335"}],"wp:featuredmedia":[{"embeddable":true,"href":"https:\/\/www.djurskyddet.se\/flyingebygden\/wp-json\/wp\/v2\/media\/10620"}],"wp:attachment":[{"href":"https:\/\/www.djurskyddet.se\/flyingebygden\/wp-json\/wp\/v2\/media?parent=10078"}],"wp:term":[{"taxonomy":"category","embeddable":true,"href":"https:\/\/www.djurskyddet.se\/flyingebygden\/wp-json\/wp\/v2\/categories?post=10078"},{"taxonomy":"post_tag","embeddable":true,"href":"https:\/\/www.djurskyddet.se\/flyingebygden\/wp-json\/wp\/v2\/tags?post=10078"}],"curies":[{"name":"wp","href":"https:\/\/api.w.org\/{rel}","templated":true}]}}