{"id":10202,"date":"2023-08-24T13:58:00","date_gmt":"2023-08-24T13:58:00","guid":{"rendered":"https:\/\/www.djurskyddet.se\/flyingebygden\/?p=10202"},"modified":"2023-08-24T18:36:52","modified_gmt":"2023-08-24T18:36:52","slug":"bastian","status":"publish","type":"post","link":"https:\/\/www.djurskyddet.se\/flyingebygden\/djur-vi-hjalpt\/2023\/bastian\/","title":{"rendered":"Bastian"},"content":{"rendered":"\n<p>Nu har \u00e4ven Bastian flyttat till sitt nya k\u00e4rleksfulla hem i Landskrona! <\/p>\n\n\n\n<p>Bastian \u00e4r en sj\u00e4lvst\u00e4ndig och livlig katt som \u00e4ven g\u00e4rna visar sina m\u00e4nniskor en lugn och kelig sida. Som den ungkatt han \u00e4r uppskattar han ocks\u00e5 att leka, speciellt med vippor som han kan str\u00e4cka sig efter och f\u00e5nga i flykten.<\/p>\n\n\n\n<p>Bastian observerads i ett bostadsomr\u00e5de i Malm\u00f6, mager och kontakts\u00f6kande. Ingen k\u00e4ndes vid honom, s\u00e5 han flyttade med gl\u00e4dje in hos oss i Djurskyddet Flyingebygden. Nu \u00e4r han i god form, kastrerad, m\u00e4rkt, vaccinerad och redo f\u00f6r sitt eget nya hem.<\/p>\n\n\n\n<figure class=\"wp-block-image size-full\"><img loading=\"lazy\" decoding=\"async\" width=\"323\" height=\"389\" src=\"https:\/\/www.djurskyddet.se\/flyingebygden\/wp-content\/uploads\/sites\/53\/2023\/07\/Bastian6.jpeg\" alt=\"\" class=\"wp-image-10203\" srcset=\"https:\/\/www.djurskyddet.se\/flyingebygden\/wp-content\/uploads\/sites\/53\/2023\/07\/Bastian6.jpeg 323w, https:\/\/www.djurskyddet.se\/flyingebygden\/wp-content\/uploads\/sites\/53\/2023\/07\/Bastian6-249x300.jpeg 249w\" sizes=\"auto, (max-width: 323px) 100vw, 323px\" \/><\/figure>\n","protected":false},"excerpt":{"rendered":"<p>Nu har \u00e4ven Bastian flyttat till sitt nya k\u00e4rleksfulla hem i Landskrona! Bastian \u00e4r en sj\u00e4lvst\u00e4ndig och livlig katt som \u00e4ven g\u00e4rna visar sina m\u00e4nniskor en lugn och kelig sida. Som den ungkatt han \u00e4r uppskattar han ocks\u00e5 att leka, speciellt med vippor som han kan str\u00e4cka sig efter och f\u00e5nga i flykten. Bastian observerads i ett bostadsomr\u00e5de i Malm\u00f6, mager och kontakts\u00f6kande. Ingen k\u00e4ndes vid honom, s\u00e5 han flyttade&hellip;<\/p>\n<p><a class=\"more-link\" href=\"https:\/\/www.djurskyddet.se\/flyingebygden\/djur-vi-hjalpt\/2023\/bastian\/\" title=\"Continue reading &lsquo;Bastian&rsquo;\">L&auml;s mer<span class=\"meta-nav\">&raquo;<\/span><\/a><\/p>\n","protected":false},"author":66,"featured_media":10208,"comment_status":"closed","ping_status":"open","sticky":false,"template":"","format":"standard","meta":{"_acf_changed":false,"footnotes":""},"categories":[29],"tags":[],"class_list":["post-10202","post","type-post","status-publish","format-standard","has-post-thumbnail","hentry","category-29"],"acf":[],"_links":{"self":[{"href":"https:\/\/www.djurskyddet.se\/flyingebygden\/wp-json\/wp\/v2\/posts\/10202","targetHints":{"allow":["GET"]}}],"collection":[{"href":"https:\/\/www.djurskyddet.se\/flyingebygden\/wp-json\/wp\/v2\/posts"}],"about":[{"href":"https:\/\/www.djurskyddet.se\/flyingebygden\/wp-json\/wp\/v2\/types\/post"}],"author":[{"embeddable":true,"href":"https:\/\/www.djurskyddet.se\/flyingebygden\/wp-json\/wp\/v2\/users\/66"}],"replies":[{"embeddable":true,"href":"https:\/\/www.djurskyddet.se\/flyingebygden\/wp-json\/wp\/v2\/comments?post=10202"}],"version-history":[{"count":5,"href":"https:\/\/www.djurskyddet.se\/flyingebygden\/wp-json\/wp\/v2\/posts\/10202\/revisions"}],"predecessor-version":[{"id":10392,"href":"https:\/\/www.djurskyddet.se\/flyingebygden\/wp-json\/wp\/v2\/posts\/10202\/revisions\/10392"}],"wp:featuredmedia":[{"embeddable":true,"href":"https:\/\/www.djurskyddet.se\/flyingebygden\/wp-json\/wp\/v2\/media\/10208"}],"wp:attachment":[{"href":"https:\/\/www.djurskyddet.se\/flyingebygden\/wp-json\/wp\/v2\/media?parent=10202"}],"wp:term":[{"taxonomy":"category","embeddable":true,"href":"https:\/\/www.djurskyddet.se\/flyingebygden\/wp-json\/wp\/v2\/categories?post=10202"},{"taxonomy":"post_tag","embeddable":true,"href":"https:\/\/www.djurskyddet.se\/flyingebygden\/wp-json\/wp\/v2\/tags?post=10202"}],"curies":[{"name":"wp","href":"https:\/\/api.w.org\/{rel}","templated":true}]}}