{"id":10366,"date":"2023-09-15T19:04:00","date_gmt":"2023-09-15T19:04:00","guid":{"rendered":"https:\/\/www.djurskyddet.se\/flyingebygden\/?p=10366"},"modified":"2023-09-17T18:35:03","modified_gmt":"2023-09-17T18:35:03","slug":"bess","status":"publish","type":"post","link":"https:\/\/www.djurskyddet.se\/flyingebygden\/djur-vi-hjalpt\/2023\/bess\/","title":{"rendered":"Bess"},"content":{"rendered":"\n<p>Nu har \u00e4ven Bess, f\u00e5tt flytta till sitt nya f\u00f6r-alltid-hem i Esl\u00f6v d\u00e4r hon kommer att bo med b\u00e5de katter m\u00e4nniskor och hund!<\/p>\n\n\n\n<p>Bess kom cirka fyra dagar gammal med sin sv\u00e5rt sjuka ragdoll-mamma in till f\u00f6reningen via ett djursjukhus. <\/p>\n\n\n\n<p>Under tiden i jourhemmet har hon f\u00f6rvandlats till en riktigt rar lite soffpotatis med ett s\u00e4rskilt intresse f\u00f6r god mat och mjuka b\u00e4ddar. Bess \u00e4r annars ganska sj\u00e4lvst\u00e4ndig i f\u00f6rh\u00e5llande till m\u00e4nniskor, hon vill helst inte bli buren och kommer till jourmatte n\u00e4r hon tycker att det \u00e4r dags f\u00f6r lite gos. D\u00e5 spinner hon h\u00f6gt. Bess sover ocks\u00e5 g\u00e4rna i s\u00e4ngen. <\/p>\n\n\n\n<p>N\u00e4r hon inte vilar, och det g\u00f6r hon ganska mycket, \u00e4r hon en modig och lekfull liten t\u00f6s. Bess hade troligen haft stor gl\u00e4dje av en kattkompis i sitt nya hem, hon kan flytta ensam eller i s\u00e4llskap av sin syster Bona, som hon g\u00e4rna leker och sover med i jourhemmet. <\/p>\n\n\n\n<figure class=\"wp-block-image size-full\"><img loading=\"lazy\" decoding=\"async\" width=\"1024\" height=\"869\" src=\"https:\/\/www.djurskyddet.se\/flyingebygden\/wp-content\/uploads\/sites\/53\/2023\/08\/Bess.jpeg\" alt=\"\" class=\"wp-image-10370\" srcset=\"https:\/\/www.djurskyddet.se\/flyingebygden\/wp-content\/uploads\/sites\/53\/2023\/08\/Bess.jpeg 1024w, https:\/\/www.djurskyddet.se\/flyingebygden\/wp-content\/uploads\/sites\/53\/2023\/08\/Bess-300x255.jpeg 300w, https:\/\/www.djurskyddet.se\/flyingebygden\/wp-content\/uploads\/sites\/53\/2023\/08\/Bess-768x652.jpeg 768w, https:\/\/www.djurskyddet.se\/flyingebygden\/wp-content\/uploads\/sites\/53\/2023\/08\/Bess-400x339.jpeg 400w\" sizes=\"auto, (max-width: 1024px) 100vw, 1024px\" \/><\/figure>\n","protected":false},"excerpt":{"rendered":"<p>Nu har \u00e4ven Bess, f\u00e5tt flytta till sitt nya f\u00f6r-alltid-hem i Esl\u00f6v d\u00e4r hon kommer att bo med b\u00e5de katter m\u00e4nniskor och hund! Bess kom cirka fyra dagar gammal med sin sv\u00e5rt sjuka ragdoll-mamma in till f\u00f6reningen via ett djursjukhus. Under tiden i jourhemmet har hon f\u00f6rvandlats till en riktigt rar lite soffpotatis med ett s\u00e4rskilt intresse f\u00f6r god mat och mjuka b\u00e4ddar. Bess \u00e4r annars ganska sj\u00e4lvst\u00e4ndig i f\u00f6rh\u00e5llande&hellip;<\/p>\n<p><a class=\"more-link\" href=\"https:\/\/www.djurskyddet.se\/flyingebygden\/djur-vi-hjalpt\/2023\/bess\/\" title=\"Continue reading &lsquo;Bess&rsquo;\">L&auml;s mer<span class=\"meta-nav\">&raquo;<\/span><\/a><\/p>\n","protected":false},"author":66,"featured_media":10370,"comment_status":"closed","ping_status":"open","sticky":false,"template":"","format":"standard","meta":{"_acf_changed":false,"footnotes":""},"categories":[29],"tags":[],"class_list":["post-10366","post","type-post","status-publish","format-standard","has-post-thumbnail","hentry","category-29"],"acf":[],"_links":{"self":[{"href":"https:\/\/www.djurskyddet.se\/flyingebygden\/wp-json\/wp\/v2\/posts\/10366","targetHints":{"allow":["GET"]}}],"collection":[{"href":"https:\/\/www.djurskyddet.se\/flyingebygden\/wp-json\/wp\/v2\/posts"}],"about":[{"href":"https:\/\/www.djurskyddet.se\/flyingebygden\/wp-json\/wp\/v2\/types\/post"}],"author":[{"embeddable":true,"href":"https:\/\/www.djurskyddet.se\/flyingebygden\/wp-json\/wp\/v2\/users\/66"}],"replies":[{"embeddable":true,"href":"https:\/\/www.djurskyddet.se\/flyingebygden\/wp-json\/wp\/v2\/comments?post=10366"}],"version-history":[{"count":8,"href":"https:\/\/www.djurskyddet.se\/flyingebygden\/wp-json\/wp\/v2\/posts\/10366\/revisions"}],"predecessor-version":[{"id":10516,"href":"https:\/\/www.djurskyddet.se\/flyingebygden\/wp-json\/wp\/v2\/posts\/10366\/revisions\/10516"}],"wp:featuredmedia":[{"embeddable":true,"href":"https:\/\/www.djurskyddet.se\/flyingebygden\/wp-json\/wp\/v2\/media\/10370"}],"wp:attachment":[{"href":"https:\/\/www.djurskyddet.se\/flyingebygden\/wp-json\/wp\/v2\/media?parent=10366"}],"wp:term":[{"taxonomy":"category","embeddable":true,"href":"https:\/\/www.djurskyddet.se\/flyingebygden\/wp-json\/wp\/v2\/categories?post=10366"},{"taxonomy":"post_tag","embeddable":true,"href":"https:\/\/www.djurskyddet.se\/flyingebygden\/wp-json\/wp\/v2\/tags?post=10366"}],"curies":[{"name":"wp","href":"https:\/\/api.w.org\/{rel}","templated":true}]}}