{"id":10521,"date":"2024-04-18T15:09:45","date_gmt":"2024-04-18T15:09:45","guid":{"rendered":"https:\/\/www.djurskyddet.se\/flyingebygden\/?p=10521"},"modified":"2024-04-30T17:16:26","modified_gmt":"2024-04-30T17:16:26","slug":"balder-lovis","status":"publish","type":"post","link":"https:\/\/www.djurskyddet.se\/flyingebygden\/djur-vi-hjalpt\/balder-lovis\/","title":{"rendered":"Balder &amp; Lovis"},"content":{"rendered":"\n<p>Balder &amp; Lovis har hamnat i ett fantastiskt f\u00f6ralltidhem i H\u00e4ssleholm??\u200d\u2b1b<\/p>\n\n\n\n<p>Balder &amp; Lovis hittades med sin mamma och syskon vid Lund C och togs in i jourhem. Ungarna hade hinnit bli s\u00e5 gamla har de redan l\u00e4rt sig av sin mamma att h\u00e5lla avst\u00e5nd till m\u00e4nniskor. <\/p>\n\n\n\n<p>Lovis \u00e4r en intelligent liten dam som helst betraktar lite p\u00e5 avst\u00e5nd innan hon ger sig p\u00e5 nya saker. Hon g\u00e5r dock fr\u00e5n lugn till sj\u00f6vild lek p\u00e5 tv\u00e5 r\u00f6da och tillbaka till tryggt slumrande igen lika snabbt, precis som det ska vara f\u00f6r en kattunge.<\/p>\n\n\n\n<p>Hon leker och busar med sina syskon, \u00e4ven med jourmatte i rummet och v\u00e5gar komma \u00e4nda fram, men det har inte helt lossnat f\u00f6r Lovis \u00e4n att helt lita p\u00e5 och v\u00e5ga l\u00e5ta sig klappas. Som personlighet \u00e4r hon pigg, aktiv och \u00e4lskar att springa och hoppa och leka med sin mynta-leksak. Hon utforskar och \u00e4r nyfiken. Hon sover g\u00e4rna i kl\u00e4ttertr\u00e4det h\u00f6gst upp d\u00e4r hon b\u00e5de kan ha koll p\u00e5 omgivningen men \u00e4ven titta ut genom f\u00f6nstret<\/p>\n\n\n\n<p>Lovis har gjort stora framsteg i sitt jourhem men kan fortfarande f\u00f6rsiktig i m\u00f6te med nya m\u00e4nniskor.  Hon kommer n\u00e4rmare hela tiden och ligger nu bredvid jourmatte men vill inte helt bli klappad \u00e4nnu. \u00c4lskar flytande godis.<\/p>\n\n\n\n<p>Balder har ocks\u00e5 gjort stora framsteg sedan han togs in i jourhemmet och vill nu f\u00e5 b\u00e5de gos och klappas dagligen, men han kommer att beh\u00f6va b\u00e5de tid och t\u00e5lamod fr\u00e5n sitt nya f\u00f6r-alltid-hem f\u00f6r att blomma ut helt, vilket \u00e4r viktigt att man som ny \u00e4gare har f\u00f6rst\u00e5else f\u00f6r!<\/p>\n\n\n\n<p>Han observerar och tar in omgivningen p\u00e5 avst\u00e5nd. N\u00e4r han k\u00e4nner sig s\u00e4ker kommer han fram och leker g\u00e4rna med vippa och leksaker som r\u00f6r p\u00e5 sig. Han \u00e4lskar att busa n\u00e4r han kommit fram till att det \u00e4r riskfritt. Han tar ibland tid p\u00e5 sig att v\u00e5ga sig p\u00e5 nya saker men till slut sl\u00e4pper det och han ger sig p\u00e5 ett f\u00f6rs\u00f6k. N\u00e4r man vunnit hans f\u00f6rtroende visar han att han \u00e4r en underbar, busig och fantastisk kille.<\/p>\n\n\n\n<p>Balder &amp; Lovis har varit v\u00e4ldigt tighta \u00e4nda sedan de togs in jourhem, de f\u00e5r mycket trygghet av varandra och g\u00f6r de mesta tillsammans, d\u00e4rf\u00f6r vill vi hitta ett hem som \u00e4r redo att erbjuda ett hem till dem b\u00e5da tillsammans<\/p>\n\n\n\n<p>\u00c4r du nyfiken p\u00e5 Balder &amp; Lovis, skicka d\u00e5 in din&nbsp;<a href=\"https:\/\/www.djurskyddet.se\/flyingebygden\/djurformedling\/#adoptera\">intresseanm\u00e4lan<\/a>!<\/p>\n\n\n\n<figure class=\"wp-block-table alignleft is-style-stripes\"><table class=\"has-black-color has-text-color has-fixed-layout\"><tbody><tr><td><strong>Kan bo med barn:<\/strong> Ev. \u00e4ldre v\u00e4ldigt kattvana barn<br><strong>Kan bo med hund:<\/strong> Vet ej<br><strong>Kan bo med katt: <\/strong>Ja<br><strong>Inne- eller utekatt:<\/strong> Innekatter<br><strong>Personlighet:<\/strong> Balder \u00e4r sn\u00e4ll och busig. Lovis \u00e4r fortfarande f\u00f6rsiktig, men \u00e4laskar flytande godis<\/td><td><strong>Kastrerad<\/strong>: Ja<br><strong>Vaccinerad:<\/strong> Ja<br><strong>ID-m\u00e4rkt: <\/strong>Ja med chip<br><strong>F\u00f6rs\u00e4krad:<\/strong> Ja (olycksfall och veterin\u00e4rv\u00e5rd upp till 20 000 kr)<br><strong>Adoptionsavgift:<\/strong> 3 800 kr (f\u00f6r b\u00e5da tillsammans)<\/td><\/tr><\/tbody><\/table><\/figure>\n\n\n\n<p class=\"has-small-font-size\">*<em>Klicka p\u00e5 respektive bild f\u00f6r att se den i st\u00f6rre format, bilden \u00f6ppnas d\u00e5 i en ny flik!<\/em><\/p>\n\n\n\n<figure class=\"wp-block-gallery has-nested-images columns-default is-cropped wp-block-gallery-1 is-layout-flex wp-block-gallery-is-layout-flex\">\n<figure class=\"wp-block-image size-full\"><a href=\"https:\/\/www.djurskyddet.se\/flyingebygden\/wp-content\/uploads\/sites\/53\/2023\/09\/Balder4-1.jpeg\" target=\"_blank\" rel=\"noreferrer noopener\"><img loading=\"lazy\" decoding=\"async\" width=\"837\" height=\"1024\" data-id=\"10681\" src=\"https:\/\/www.djurskyddet.se\/flyingebygden\/wp-content\/uploads\/sites\/53\/2023\/09\/Balder4-1.jpeg\" alt=\"\" class=\"wp-image-10681\" srcset=\"https:\/\/www.djurskyddet.se\/flyingebygden\/wp-content\/uploads\/sites\/53\/2023\/09\/Balder4-1.jpeg 837w, https:\/\/www.djurskyddet.se\/flyingebygden\/wp-content\/uploads\/sites\/53\/2023\/09\/Balder4-1-245x300.jpeg 245w, https:\/\/www.djurskyddet.se\/flyingebygden\/wp-content\/uploads\/sites\/53\/2023\/09\/Balder4-1-768x940.jpeg 768w, https:\/\/www.djurskyddet.se\/flyingebygden\/wp-content\/uploads\/sites\/53\/2023\/09\/Balder4-1-400x489.jpeg 400w\" sizes=\"auto, (max-width: 837px) 100vw, 837px\" \/><\/a><\/figure>\n\n\n\n<figure class=\"wp-block-image size-full\"><a href=\"https:\/\/www.djurskyddet.se\/flyingebygden\/wp-content\/uploads\/sites\/53\/2023\/09\/Balder4.jpeg\" target=\"_blank\" rel=\"noreferrer noopener\"><img loading=\"lazy\" decoding=\"async\" width=\"881\" height=\"968\" data-id=\"10524\" src=\"https:\/\/www.djurskyddet.se\/flyingebygden\/wp-content\/uploads\/sites\/53\/2023\/09\/Balder4.jpeg\" alt=\"\" class=\"wp-image-10524\" srcset=\"https:\/\/www.djurskyddet.se\/flyingebygden\/wp-content\/uploads\/sites\/53\/2023\/09\/Balder4.jpeg 881w, https:\/\/www.djurskyddet.se\/flyingebygden\/wp-content\/uploads\/sites\/53\/2023\/09\/Balder4-273x300.jpeg 273w, https:\/\/www.djurskyddet.se\/flyingebygden\/wp-content\/uploads\/sites\/53\/2023\/09\/Balder4-768x844.jpeg 768w, https:\/\/www.djurskyddet.se\/flyingebygden\/wp-content\/uploads\/sites\/53\/2023\/09\/Balder4-400x440.jpeg 400w\" sizes=\"auto, (max-width: 881px) 100vw, 881px\" \/><\/a><\/figure>\n\n\n\n<figure class=\"wp-block-image size-full\"><a href=\"https:\/\/www.djurskyddet.se\/flyingebygden\/wp-content\/uploads\/sites\/53\/2024\/01\/Balder-Lovis.jpeg\" target=\"_blank\" rel=\"noreferrer noopener\"><img loading=\"lazy\" decoding=\"async\" width=\"870\" height=\"1024\" data-id=\"11086\" src=\"https:\/\/www.djurskyddet.se\/flyingebygden\/wp-content\/uploads\/sites\/53\/2024\/01\/Balder-Lovis.jpeg\" alt=\"\" class=\"wp-image-11086\" srcset=\"https:\/\/www.djurskyddet.se\/flyingebygden\/wp-content\/uploads\/sites\/53\/2024\/01\/Balder-Lovis.jpeg 870w, https:\/\/www.djurskyddet.se\/flyingebygden\/wp-content\/uploads\/sites\/53\/2024\/01\/Balder-Lovis-255x300.jpeg 255w, https:\/\/www.djurskyddet.se\/flyingebygden\/wp-content\/uploads\/sites\/53\/2024\/01\/Balder-Lovis-768x904.jpeg 768w, https:\/\/www.djurskyddet.se\/flyingebygden\/wp-content\/uploads\/sites\/53\/2024\/01\/Balder-Lovis-400x471.jpeg 400w\" sizes=\"auto, (max-width: 870px) 100vw, 870px\" \/><\/a><\/figure>\n\n\n\n<figure class=\"wp-block-image size-full\"><a href=\"https:\/\/www.djurskyddet.se\/flyingebygden\/wp-content\/uploads\/sites\/53\/2023\/09\/Blovis3-1.jpeg\" target=\"_blank\" rel=\"noreferrer noopener\"><img loading=\"lazy\" decoding=\"async\" width=\"597\" height=\"685\" data-id=\"10682\" src=\"https:\/\/www.djurskyddet.se\/flyingebygden\/wp-content\/uploads\/sites\/53\/2023\/09\/Blovis3-1.jpeg\" alt=\"\" class=\"wp-image-10682\" srcset=\"https:\/\/www.djurskyddet.se\/flyingebygden\/wp-content\/uploads\/sites\/53\/2023\/09\/Blovis3-1.jpeg 597w, https:\/\/www.djurskyddet.se\/flyingebygden\/wp-content\/uploads\/sites\/53\/2023\/09\/Blovis3-1-261x300.jpeg 261w, https:\/\/www.djurskyddet.se\/flyingebygden\/wp-content\/uploads\/sites\/53\/2023\/09\/Blovis3-1-400x459.jpeg 400w\" sizes=\"auto, (max-width: 597px) 100vw, 597px\" \/><\/a><\/figure>\n\n\n\n<figure class=\"wp-block-image size-large\"><a href=\"https:\/\/www.djurskyddet.se\/flyingebygden\/wp-content\/uploads\/sites\/53\/2023\/09\/blovis2.jpeg\" target=\"_blank\" rel=\"noreferrer noopener\"><img loading=\"lazy\" decoding=\"async\" width=\"796\" height=\"542\" data-id=\"10531\" src=\"https:\/\/www.djurskyddet.se\/flyingebygden\/wp-content\/uploads\/sites\/53\/2023\/09\/blovis2.jpeg\" alt=\"\" class=\"wp-image-10531\" srcset=\"https:\/\/www.djurskyddet.se\/flyingebygden\/wp-content\/uploads\/sites\/53\/2023\/09\/blovis2.jpeg 796w, https:\/\/www.djurskyddet.se\/flyingebygden\/wp-content\/uploads\/sites\/53\/2023\/09\/blovis2-300x204.jpeg 300w, https:\/\/www.djurskyddet.se\/flyingebygden\/wp-content\/uploads\/sites\/53\/2023\/09\/blovis2-768x523.jpeg 768w, https:\/\/www.djurskyddet.se\/flyingebygden\/wp-content\/uploads\/sites\/53\/2023\/09\/blovis2-400x272.jpeg 400w\" sizes=\"auto, (max-width: 796px) 100vw, 796px\" \/><\/a><\/figure>\n\n\n\n<figure class=\"wp-block-image size-large\"><a href=\"https:\/\/www.djurskyddet.se\/flyingebygden\/wp-content\/uploads\/sites\/53\/2023\/09\/Blovis3.jpeg\" target=\"_blank\" rel=\"noreferrer noopener\"><img loading=\"lazy\" decoding=\"async\" width=\"781\" height=\"966\" data-id=\"10527\" src=\"https:\/\/www.djurskyddet.se\/flyingebygden\/wp-content\/uploads\/sites\/53\/2023\/09\/Blovis3.jpeg\" alt=\"\" class=\"wp-image-10527\" srcset=\"https:\/\/www.djurskyddet.se\/flyingebygden\/wp-content\/uploads\/sites\/53\/2023\/09\/Blovis3.jpeg 781w, https:\/\/www.djurskyddet.se\/flyingebygden\/wp-content\/uploads\/sites\/53\/2023\/09\/Blovis3-243x300.jpeg 243w, https:\/\/www.djurskyddet.se\/flyingebygden\/wp-content\/uploads\/sites\/53\/2023\/09\/Blovis3-768x950.jpeg 768w, https:\/\/www.djurskyddet.se\/flyingebygden\/wp-content\/uploads\/sites\/53\/2023\/09\/Blovis3-400x495.jpeg 400w\" sizes=\"auto, (max-width: 781px) 100vw, 781px\" \/><\/a><\/figure>\n<\/figure>\n","protected":false},"excerpt":{"rendered":"<p>Balder &amp; Lovis har hamnat i ett fantastiskt f\u00f6ralltidhem i H\u00e4ssleholm??\u200d\u2b1b Balder &amp; Lovis hittades med sin mamma och syskon vid Lund C och togs in i jourhem. Ungarna hade hinnit bli s\u00e5 gamla har de redan l\u00e4rt sig av sin mamma att h\u00e5lla avst\u00e5nd till m\u00e4nniskor. Lovis \u00e4r en intelligent liten dam som helst betraktar lite p\u00e5 avst\u00e5nd innan hon ger sig p\u00e5 nya saker. Hon g\u00e5r dock fr\u00e5n&hellip;<\/p>\n<p><a class=\"more-link\" href=\"https:\/\/www.djurskyddet.se\/flyingebygden\/djur-vi-hjalpt\/balder-lovis\/\" title=\"Continue reading &lsquo;Balder &amp; Lovis&rsquo;\">L&auml;s mer<span class=\"meta-nav\">&raquo;<\/span><\/a><\/p>\n","protected":false},"author":66,"featured_media":11086,"comment_status":"closed","ping_status":"open","sticky":false,"template":"","format":"standard","meta":{"_acf_changed":false,"footnotes":""},"categories":[32,26],"tags":[],"class_list":["post-10521","post","type-post","status-publish","format-standard","has-post-thumbnail","hentry","category-32","category-djur-vi-hjalpt"],"acf":[],"_links":{"self":[{"href":"https:\/\/www.djurskyddet.se\/flyingebygden\/wp-json\/wp\/v2\/posts\/10521","targetHints":{"allow":["GET"]}}],"collection":[{"href":"https:\/\/www.djurskyddet.se\/flyingebygden\/wp-json\/wp\/v2\/posts"}],"about":[{"href":"https:\/\/www.djurskyddet.se\/flyingebygden\/wp-json\/wp\/v2\/types\/post"}],"author":[{"embeddable":true,"href":"https:\/\/www.djurskyddet.se\/flyingebygden\/wp-json\/wp\/v2\/users\/66"}],"replies":[{"embeddable":true,"href":"https:\/\/www.djurskyddet.se\/flyingebygden\/wp-json\/wp\/v2\/comments?post=10521"}],"version-history":[{"count":17,"href":"https:\/\/www.djurskyddet.se\/flyingebygden\/wp-json\/wp\/v2\/posts\/10521\/revisions"}],"predecessor-version":[{"id":11240,"href":"https:\/\/www.djurskyddet.se\/flyingebygden\/wp-json\/wp\/v2\/posts\/10521\/revisions\/11240"}],"wp:featuredmedia":[{"embeddable":true,"href":"https:\/\/www.djurskyddet.se\/flyingebygden\/wp-json\/wp\/v2\/media\/11086"}],"wp:attachment":[{"href":"https:\/\/www.djurskyddet.se\/flyingebygden\/wp-json\/wp\/v2\/media?parent=10521"}],"wp:term":[{"taxonomy":"category","embeddable":true,"href":"https:\/\/www.djurskyddet.se\/flyingebygden\/wp-json\/wp\/v2\/categories?post=10521"},{"taxonomy":"post_tag","embeddable":true,"href":"https:\/\/www.djurskyddet.se\/flyingebygden\/wp-json\/wp\/v2\/tags?post=10521"}],"curies":[{"name":"wp","href":"https:\/\/api.w.org\/{rel}","templated":true}]}}