{"id":10809,"date":"2024-01-28T14:00:00","date_gmt":"2024-01-28T14:00:00","guid":{"rendered":"https:\/\/www.djurskyddet.se\/flyingebygden\/?p=10809"},"modified":"2024-01-28T15:27:20","modified_gmt":"2024-01-28T15:27:20","slug":"bodil","status":"publish","type":"post","link":"https:\/\/www.djurskyddet.se\/flyingebygden\/djur-vi-hjalpt\/2024\/bodil\/","title":{"rendered":"Bodil"},"content":{"rendered":"\n<p>Nu har \u00e4ven Bodil f\u00e5tt flytta till sitt f\u00f6r-evigt-hem i Hj\u00e4rup, d\u00e4r kommer hon att f\u00e5r s\u00e4llskap av en kattkille med liknade bakgrund som hon sj\u00e4lv haft. Vi hoppas att de kommer att trivas tillsammans!<\/p>\n\n\n\n<p>Bodil den vackra sk\u00f6ldpaddsf\u00e4rgade katten \u00e4r en \u00e4ldre honkatt p\u00e5 \u00f6ver 8 \u00e5r. Hon tillsammans med bland annat Berit som hon bor ihop med i jourhem har uppeh\u00e5llit sig ute i Hofterup d\u00e4r de f\u00e5tt mat under flera \u00e5r. <\/p>\n\n\n\n<p>Bodil \u00e4r en lugn och kelig katt som nog skulle trivas lika bra som ensamkatt som med en kompis. Bodil har integritet och kan nafsa l\u00e4tt om hon inte uppskattar ber\u00f6ringen och d\u00e4rf\u00f6r tror vi att hon passar b\u00e4st i ett hem med lite \u00e4ldre kattvana barn.<\/p>\n\n\n\n<figure class=\"wp-block-image size-full\"><img loading=\"lazy\" decoding=\"async\" width=\"768\" height=\"1024\" src=\"https:\/\/www.djurskyddet.se\/flyingebygden\/wp-content\/uploads\/sites\/53\/2023\/12\/Bodil1.jpeg\" alt=\"\" class=\"wp-image-10810\" srcset=\"https:\/\/www.djurskyddet.se\/flyingebygden\/wp-content\/uploads\/sites\/53\/2023\/12\/Bodil1.jpeg 768w, https:\/\/www.djurskyddet.se\/flyingebygden\/wp-content\/uploads\/sites\/53\/2023\/12\/Bodil1-225x300.jpeg 225w, https:\/\/www.djurskyddet.se\/flyingebygden\/wp-content\/uploads\/sites\/53\/2023\/12\/Bodil1-400x533.jpeg 400w\" sizes=\"auto, (max-width: 768px) 100vw, 768px\" \/><\/figure>\n","protected":false},"excerpt":{"rendered":"<p>Nu har \u00e4ven Bodil f\u00e5tt flytta till sitt f\u00f6r-evigt-hem i Hj\u00e4rup, d\u00e4r kommer hon att f\u00e5r s\u00e4llskap av en kattkille med liknade bakgrund som hon sj\u00e4lv haft. Vi hoppas att de kommer att trivas tillsammans! Bodil den vackra sk\u00f6ldpaddsf\u00e4rgade katten \u00e4r en \u00e4ldre honkatt p\u00e5 \u00f6ver 8 \u00e5r. Hon tillsammans med bland annat Berit som hon bor ihop med i jourhem har uppeh\u00e5llit sig ute i Hofterup d\u00e4r de f\u00e5tt&hellip;<\/p>\n<p><a class=\"more-link\" href=\"https:\/\/www.djurskyddet.se\/flyingebygden\/djur-vi-hjalpt\/2024\/bodil\/\" title=\"Continue reading &lsquo;Bodil&rsquo;\">L&auml;s mer<span class=\"meta-nav\">&raquo;<\/span><\/a><\/p>\n","protected":false},"author":66,"featured_media":10811,"comment_status":"closed","ping_status":"open","sticky":false,"template":"","format":"standard","meta":{"_acf_changed":false,"footnotes":""},"categories":[32],"tags":[],"class_list":["post-10809","post","type-post","status-publish","format-standard","has-post-thumbnail","hentry","category-32"],"acf":[],"_links":{"self":[{"href":"https:\/\/www.djurskyddet.se\/flyingebygden\/wp-json\/wp\/v2\/posts\/10809","targetHints":{"allow":["GET"]}}],"collection":[{"href":"https:\/\/www.djurskyddet.se\/flyingebygden\/wp-json\/wp\/v2\/posts"}],"about":[{"href":"https:\/\/www.djurskyddet.se\/flyingebygden\/wp-json\/wp\/v2\/types\/post"}],"author":[{"embeddable":true,"href":"https:\/\/www.djurskyddet.se\/flyingebygden\/wp-json\/wp\/v2\/users\/66"}],"replies":[{"embeddable":true,"href":"https:\/\/www.djurskyddet.se\/flyingebygden\/wp-json\/wp\/v2\/comments?post=10809"}],"version-history":[{"count":8,"href":"https:\/\/www.djurskyddet.se\/flyingebygden\/wp-json\/wp\/v2\/posts\/10809\/revisions"}],"predecessor-version":[{"id":11106,"href":"https:\/\/www.djurskyddet.se\/flyingebygden\/wp-json\/wp\/v2\/posts\/10809\/revisions\/11106"}],"wp:featuredmedia":[{"embeddable":true,"href":"https:\/\/www.djurskyddet.se\/flyingebygden\/wp-json\/wp\/v2\/media\/10811"}],"wp:attachment":[{"href":"https:\/\/www.djurskyddet.se\/flyingebygden\/wp-json\/wp\/v2\/media?parent=10809"}],"wp:term":[{"taxonomy":"category","embeddable":true,"href":"https:\/\/www.djurskyddet.se\/flyingebygden\/wp-json\/wp\/v2\/categories?post=10809"},{"taxonomy":"post_tag","embeddable":true,"href":"https:\/\/www.djurskyddet.se\/flyingebygden\/wp-json\/wp\/v2\/tags?post=10809"}],"curies":[{"name":"wp","href":"https:\/\/api.w.org\/{rel}","templated":true}]}}