{"id":11392,"date":"2024-07-06T08:13:21","date_gmt":"2024-07-06T08:13:21","guid":{"rendered":"https:\/\/www.djurskyddet.se\/flyingebygden\/?p=11392"},"modified":"2024-07-11T08:17:29","modified_gmt":"2024-07-11T08:17:29","slug":"wilma","status":"publish","type":"post","link":"https:\/\/www.djurskyddet.se\/flyingebygden\/vilande\/wilma\/","title":{"rendered":"Wilma"},"content":{"rendered":"\n<p>Wilma matades och gavs skydd under vintern av en v\u00e4nlig dam och b\u00f6rjade \u00e5terf\u00e5 sitt f\u00f6rtroende f\u00f6r m\u00e4nniskor n\u00e4r det i april visade sig att hon blivit v\u00e4ldigt rund om magen. Vi blev d\u00e5 kontaktade och hon hann precis in i v\u00e4rmen och tryggheten i jourhemmet innan hon efter ett par daga f\u00f6dde sina 5 fina kattungar som nu \u00e4r redo f\u00f6r nya \u00e4ventyr och s\u00e5 d\u00e5 \u00e4ven Wilma. <\/p>\n\n\n\n<p>Wilma \u00e4r en mycket fin och gullig katt som gjort sig v\u00e4l hemmastadd i sitt jourhem sedan hon kom in i mitten av april. Hon \u00e4r lite reserverad men s\u00f6ker kontakt n\u00e4r hon k\u00e4nner sig trygg. Hon bor i vardagsrummet och \u00e4r van vid r\u00f6relse och barn i olika \u00e5ldrar. Hon tycker om att bli kliad bakom \u00f6ronen och stryker sig mot sin jourhemsfamilj. Wilma \u00e4r lugn och tystl\u00e5ten samtidigt som hon har en nyfikenhet att uppt\u00e4cka sin omgivning.<\/p>\n\n\n\n<p>Tror du att Wilma \u00e4r katten f\u00f6r dig? Skicka d\u00e5 in din\u00a0<a href=\"https:\/\/www.djurskyddet.se\/flyingebygden\/djurformedling\/#adoptera\">intresseanm\u00e4lan<\/a>!<\/p>\n\n\n\n<figure class=\"wp-block-table alignleft is-style-stripes\"><table class=\"has-black-color has-text-color\"><tbody><tr><td><strong>Kan bo med barn:<\/strong> Ja<br><strong>Kan bo med hund:<\/strong> Vet inte<br><strong>Kan bo med katt: <\/strong>Eventuellt<br><strong>Inne- eller utekatt:<\/strong> B\u00e5de inne och ute funkar<br><strong>Personlighet:<\/strong> Gosiga men lite f\u00f6rsiktig i nya kontakter<\/td><td><strong>Kastrerad<\/strong>: Ja<br><strong>Vaccinerad:<\/strong> Ja<br><strong>ID-m\u00e4rkt: <\/strong>Ja med chip<br><strong>F\u00f6rs\u00e4krad:<\/strong> Ja (olycksfall och veterin\u00e4rv\u00e5rd upp till 20 000 kr)<br><strong>Adoptionsavgift:<\/strong> 1 500 kr <\/td><\/tr><\/tbody><\/table><\/figure>\n\n\n\n<p class=\"has-small-font-size\" style=\"font-style:italic;font-weight:400\">*<em>Klicka p\u00e5 respektive bild f\u00f6r att se den i st\u00f6rre format, bilden \u00f6ppnas d\u00e5 i en ny flik!<\/em><\/p>\n\n\n\n<figure class=\"wp-block-gallery has-nested-images columns-default is-cropped wp-block-gallery-1 is-layout-flex wp-block-gallery-is-layout-flex\">\n<figure class=\"wp-block-image size-full\"><a href=\"https:\/\/www.djurskyddet.se\/flyingebygden\/wp-content\/uploads\/sites\/53\/2024\/07\/Wilma-4.jpg\" target=\"_blank\" rel=\"noreferrer noopener\"><img loading=\"lazy\" decoding=\"async\" width=\"1024\" height=\"768\" data-id=\"11393\" src=\"https:\/\/www.djurskyddet.se\/flyingebygden\/wp-content\/uploads\/sites\/53\/2024\/07\/Wilma-4.jpg\" alt=\"\" class=\"wp-image-11393\" srcset=\"https:\/\/www.djurskyddet.se\/flyingebygden\/wp-content\/uploads\/sites\/53\/2024\/07\/Wilma-4.jpg 1024w, https:\/\/www.djurskyddet.se\/flyingebygden\/wp-content\/uploads\/sites\/53\/2024\/07\/Wilma-4-300x225.jpg 300w, https:\/\/www.djurskyddet.se\/flyingebygden\/wp-content\/uploads\/sites\/53\/2024\/07\/Wilma-4-768x576.jpg 768w, https:\/\/www.djurskyddet.se\/flyingebygden\/wp-content\/uploads\/sites\/53\/2024\/07\/Wilma-4-400x300.jpg 400w\" sizes=\"auto, (max-width: 1024px) 100vw, 1024px\" \/><\/a><\/figure>\n\n\n\n<figure class=\"wp-block-image size-full\"><a href=\"https:\/\/www.djurskyddet.se\/flyingebygden\/wp-content\/uploads\/sites\/53\/2024\/07\/Wilma-5.jpg\" target=\"_blank\" rel=\"noreferrer noopener\"><img loading=\"lazy\" decoding=\"async\" width=\"768\" height=\"1024\" data-id=\"11394\" src=\"https:\/\/www.djurskyddet.se\/flyingebygden\/wp-content\/uploads\/sites\/53\/2024\/07\/Wilma-5.jpg\" alt=\"\" class=\"wp-image-11394\" srcset=\"https:\/\/www.djurskyddet.se\/flyingebygden\/wp-content\/uploads\/sites\/53\/2024\/07\/Wilma-5.jpg 768w, https:\/\/www.djurskyddet.se\/flyingebygden\/wp-content\/uploads\/sites\/53\/2024\/07\/Wilma-5-225x300.jpg 225w, https:\/\/www.djurskyddet.se\/flyingebygden\/wp-content\/uploads\/sites\/53\/2024\/07\/Wilma-5-400x533.jpg 400w\" sizes=\"auto, (max-width: 768px) 100vw, 768px\" \/><\/a><\/figure>\n<\/figure>\n\n\n\n<figure class=\"wp-block-image size-full\"><img loading=\"lazy\" decoding=\"async\" width=\"768\" height=\"1024\" src=\"https:\/\/www.djurskyddet.se\/flyingebygden\/wp-content\/uploads\/sites\/53\/2024\/07\/Wilma-2.jpg\" alt=\"\" class=\"wp-image-11395\" srcset=\"https:\/\/www.djurskyddet.se\/flyingebygden\/wp-content\/uploads\/sites\/53\/2024\/07\/Wilma-2.jpg 768w, https:\/\/www.djurskyddet.se\/flyingebygden\/wp-content\/uploads\/sites\/53\/2024\/07\/Wilma-2-225x300.jpg 225w, https:\/\/www.djurskyddet.se\/flyingebygden\/wp-content\/uploads\/sites\/53\/2024\/07\/Wilma-2-400x533.jpg 400w\" sizes=\"auto, (max-width: 768px) 100vw, 768px\" \/><\/figure>\n\n\n\n<figure class=\"wp-block-image size-full\"><img loading=\"lazy\" decoding=\"async\" width=\"1024\" height=\"766\" src=\"https:\/\/www.djurskyddet.se\/flyingebygden\/wp-content\/uploads\/sites\/53\/2024\/07\/Wilma-1.jpg\" alt=\"\" class=\"wp-image-11396\" srcset=\"https:\/\/www.djurskyddet.se\/flyingebygden\/wp-content\/uploads\/sites\/53\/2024\/07\/Wilma-1.jpg 1024w, https:\/\/www.djurskyddet.se\/flyingebygden\/wp-content\/uploads\/sites\/53\/2024\/07\/Wilma-1-300x224.jpg 300w, https:\/\/www.djurskyddet.se\/flyingebygden\/wp-content\/uploads\/sites\/53\/2024\/07\/Wilma-1-768x575.jpg 768w, https:\/\/www.djurskyddet.se\/flyingebygden\/wp-content\/uploads\/sites\/53\/2024\/07\/Wilma-1-400x299.jpg 400w\" sizes=\"auto, (max-width: 1024px) 100vw, 1024px\" \/><\/figure>\n","protected":false},"excerpt":{"rendered":"<p>Wilma matades och gavs skydd under vintern av en v\u00e4nlig dam och b\u00f6rjade \u00e5terf\u00e5 sitt f\u00f6rtroende f\u00f6r m\u00e4nniskor n\u00e4r det i april visade sig att hon blivit v\u00e4ldigt rund om magen. Vi blev d\u00e5 kontaktade och hon hann precis in i v\u00e4rmen och tryggheten i jourhemmet innan hon efter ett par daga f\u00f6dde sina 5 fina kattungar som nu \u00e4r redo f\u00f6r nya \u00e4ventyr och s\u00e5 d\u00e5 \u00e4ven Wilma. Wilma&hellip;<\/p>\n<p><a class=\"more-link\" href=\"https:\/\/www.djurskyddet.se\/flyingebygden\/vilande\/wilma\/\" title=\"Continue reading &lsquo;Wilma&rsquo;\">L&auml;s mer<span class=\"meta-nav\">&raquo;<\/span><\/a><\/p>\n","protected":false},"author":66,"featured_media":11397,"comment_status":"closed","ping_status":"open","sticky":false,"template":"","format":"standard","meta":{"_acf_changed":false,"footnotes":""},"categories":[31],"tags":[],"class_list":["post-11392","post","type-post","status-publish","format-standard","has-post-thumbnail","hentry","category-vilande"],"acf":[],"_links":{"self":[{"href":"https:\/\/www.djurskyddet.se\/flyingebygden\/wp-json\/wp\/v2\/posts\/11392","targetHints":{"allow":["GET"]}}],"collection":[{"href":"https:\/\/www.djurskyddet.se\/flyingebygden\/wp-json\/wp\/v2\/posts"}],"about":[{"href":"https:\/\/www.djurskyddet.se\/flyingebygden\/wp-json\/wp\/v2\/types\/post"}],"author":[{"embeddable":true,"href":"https:\/\/www.djurskyddet.se\/flyingebygden\/wp-json\/wp\/v2\/users\/66"}],"replies":[{"embeddable":true,"href":"https:\/\/www.djurskyddet.se\/flyingebygden\/wp-json\/wp\/v2\/comments?post=11392"}],"version-history":[{"count":2,"href":"https:\/\/www.djurskyddet.se\/flyingebygden\/wp-json\/wp\/v2\/posts\/11392\/revisions"}],"predecessor-version":[{"id":11401,"href":"https:\/\/www.djurskyddet.se\/flyingebygden\/wp-json\/wp\/v2\/posts\/11392\/revisions\/11401"}],"wp:featuredmedia":[{"embeddable":true,"href":"https:\/\/www.djurskyddet.se\/flyingebygden\/wp-json\/wp\/v2\/media\/11397"}],"wp:attachment":[{"href":"https:\/\/www.djurskyddet.se\/flyingebygden\/wp-json\/wp\/v2\/media?parent=11392"}],"wp:term":[{"taxonomy":"category","embeddable":true,"href":"https:\/\/www.djurskyddet.se\/flyingebygden\/wp-json\/wp\/v2\/categories?post=11392"},{"taxonomy":"post_tag","embeddable":true,"href":"https:\/\/www.djurskyddet.se\/flyingebygden\/wp-json\/wp\/v2\/tags?post=11392"}],"curies":[{"name":"wp","href":"https:\/\/api.w.org\/{rel}","templated":true}]}}