{"id":12544,"date":"2026-01-06T13:01:04","date_gmt":"2026-01-06T13:01:04","guid":{"rendered":"https:\/\/www.djurskyddet.se\/flyingebygden\/?p=12544"},"modified":"2026-01-18T10:04:09","modified_gmt":"2026-01-18T10:04:09","slug":"dora","status":"publish","type":"post","link":"https:\/\/www.djurskyddet.se\/flyingebygden\/djur-vi-hjalpt\/dora\/","title":{"rendered":"Dora"},"content":{"rendered":"\n<p>Dora \u00e4r en vacker katt med helt svart p\u00e4ls och en stolt utstr\u00e5lning. Hon vet sj\u00e4lv n\u00e4r hon vill ha kontakt och bli klappad, och n\u00e4r hon hellre vill vara f\u00f6r sig sj\u00e4lv. Hon tycker om att sitta och spana p\u00e5 avst\u00e5nd, men n\u00e4r hon k\u00e4nner sig redo kommer hon g\u00e4rna fram. D\u00e5 lyfter hon p\u00e5 ryggen och g\u00e5r i sm\u00e5 cirklar \u2013 hennes tydliga s\u00e4tt att visa att hon vill ha k\u00e4rlek och n\u00e4rhet, och d\u00e5 gillar hon att bli kliad under hakan. Dora \u00e4r rumsren och anv\u00e4nder alltid kattl\u00e5dan p\u00e5 r\u00e4tt s\u00e4tt.<\/p>\n\n\n\n<p>Tror du att Dora \u00e4r katten f\u00f6r dig? Skicka d\u00e5 in din\u00a0<a href=\"https:\/\/www.djurskyddet.se\/flyingebygden\/djurformedling\/#adoptera\">intresseanm\u00e4lan<\/a>!<\/p>\n\n\n\n<figure class=\"wp-block-table alignleft is-style-stripes\"><table class=\"has-black-color has-text-color\"><tbody><tr><td><strong>Kan bo med barn:<\/strong> Ja, \u00e4ldre barn<br><strong>Kan bo med hund:<\/strong> Vet inte<br><strong>Kan bo med katt: <\/strong>Ja<br><strong>Inne- eller utekatt:<\/strong> Innekatt eller utekatt<br><strong>Personlighet:<\/strong> F\u00f6rsiktig och kelig<\/td><td><strong>Kastrerad<\/strong>: Ja <br><strong>Vaccinerad:<\/strong> Ja <br><strong>ID-m\u00e4rkt: <\/strong>Ja med chip <br><strong>F\u00f6rs\u00e4krad:<\/strong> Ja(olycksfall &amp; veterin\u00e4rv\u00e5rd upp till 40 000kr)<br><strong>Adoptionsavgift:<\/strong> 1950 kr<\/td><\/tr><\/tbody><\/table><\/figure>\n\n\n\n<p class=\"has-small-font-size\" style=\"font-style:italic;font-weight:400\"><\/p>\n\n\n\n<figure class=\"wp-block-gallery has-nested-images columns-default is-cropped wp-block-gallery-1 is-layout-flex wp-block-gallery-is-layout-flex\">\n<figure class=\"wp-block-image size-large\"><img loading=\"lazy\" decoding=\"async\" width=\"768\" height=\"1024\" data-id=\"12545\" src=\"https:\/\/www.djurskyddet.se\/flyingebygden\/wp-content\/uploads\/sites\/53\/2026\/01\/5b70883e-3f74-405d-bfd8-eec73216faa4-1.jpeg\" alt=\"\" class=\"wp-image-12545\" srcset=\"https:\/\/www.djurskyddet.se\/flyingebygden\/wp-content\/uploads\/sites\/53\/2026\/01\/5b70883e-3f74-405d-bfd8-eec73216faa4-1.jpeg 768w, https:\/\/www.djurskyddet.se\/flyingebygden\/wp-content\/uploads\/sites\/53\/2026\/01\/5b70883e-3f74-405d-bfd8-eec73216faa4-1-225x300.jpeg 225w, https:\/\/www.djurskyddet.se\/flyingebygden\/wp-content\/uploads\/sites\/53\/2026\/01\/5b70883e-3f74-405d-bfd8-eec73216faa4-1-400x533.jpeg 400w\" sizes=\"auto, (max-width: 768px) 100vw, 768px\" \/><\/figure>\n<\/figure>\n","protected":false},"excerpt":{"rendered":"<p>Dora \u00e4r en vacker katt med helt svart p\u00e4ls och en stolt utstr\u00e5lning. Hon vet sj\u00e4lv n\u00e4r hon vill ha kontakt och bli klappad, och n\u00e4r hon hellre vill vara f\u00f6r sig sj\u00e4lv. Hon tycker om att sitta och spana p\u00e5 avst\u00e5nd, men n\u00e4r hon k\u00e4nner sig redo kommer hon g\u00e4rna fram. D\u00e5 lyfter hon p\u00e5 ryggen och g\u00e5r i sm\u00e5 cirklar \u2013 hennes tydliga s\u00e4tt att visa att hon&hellip;<\/p>\n<p><a class=\"more-link\" href=\"https:\/\/www.djurskyddet.se\/flyingebygden\/djur-vi-hjalpt\/dora\/\" title=\"Continue reading &lsquo;Dora&rsquo;\">L&auml;s mer<span class=\"meta-nav\">&raquo;<\/span><\/a><\/p>\n","protected":false},"author":66,"featured_media":12542,"comment_status":"closed","ping_status":"open","sticky":false,"template":"","format":"standard","meta":{"_acf_changed":false,"footnotes":""},"categories":[36,26],"tags":[],"class_list":["post-12544","post","type-post","status-publish","format-standard","has-post-thumbnail","hentry","category-36","category-djur-vi-hjalpt"],"acf":[],"_links":{"self":[{"href":"https:\/\/www.djurskyddet.se\/flyingebygden\/wp-json\/wp\/v2\/posts\/12544","targetHints":{"allow":["GET"]}}],"collection":[{"href":"https:\/\/www.djurskyddet.se\/flyingebygden\/wp-json\/wp\/v2\/posts"}],"about":[{"href":"https:\/\/www.djurskyddet.se\/flyingebygden\/wp-json\/wp\/v2\/types\/post"}],"author":[{"embeddable":true,"href":"https:\/\/www.djurskyddet.se\/flyingebygden\/wp-json\/wp\/v2\/users\/66"}],"replies":[{"embeddable":true,"href":"https:\/\/www.djurskyddet.se\/flyingebygden\/wp-json\/wp\/v2\/comments?post=12544"}],"version-history":[{"count":1,"href":"https:\/\/www.djurskyddet.se\/flyingebygden\/wp-json\/wp\/v2\/posts\/12544\/revisions"}],"predecessor-version":[{"id":12546,"href":"https:\/\/www.djurskyddet.se\/flyingebygden\/wp-json\/wp\/v2\/posts\/12544\/revisions\/12546"}],"wp:featuredmedia":[{"embeddable":true,"href":"https:\/\/www.djurskyddet.se\/flyingebygden\/wp-json\/wp\/v2\/media\/12542"}],"wp:attachment":[{"href":"https:\/\/www.djurskyddet.se\/flyingebygden\/wp-json\/wp\/v2\/media?parent=12544"}],"wp:term":[{"taxonomy":"category","embeddable":true,"href":"https:\/\/www.djurskyddet.se\/flyingebygden\/wp-json\/wp\/v2\/categories?post=12544"},{"taxonomy":"post_tag","embeddable":true,"href":"https:\/\/www.djurskyddet.se\/flyingebygden\/wp-json\/wp\/v2\/tags?post=12544"}],"curies":[{"name":"wp","href":"https:\/\/api.w.org\/{rel}","templated":true}]}}