{"id":8726,"date":"2022-10-18T11:13:05","date_gmt":"2022-10-18T11:13:05","guid":{"rendered":"https:\/\/www.djurskyddet.se\/flyingebygden\/?p=8726"},"modified":"2023-02-04T11:37:03","modified_gmt":"2023-02-04T11:37:03","slug":"affe","status":"publish","type":"post","link":"https:\/\/www.djurskyddet.se\/flyingebygden\/djur-vi-hjalpt\/2022\/affe\/","title":{"rendered":"Affe"},"content":{"rendered":"\n<p>Affe har nu gjort sig hemmastadd i sitt f\u00f6r-alltid-hem i G\u00e5rdst\u00e5nga! Affe och nya matte Christina \u00e4r redan som ler och l\u00e5nghalm. Affe f\u00f6ljer henne vart hon \u00e4n g\u00e5r och ligger g\u00e4rna t\u00e4tt intill och myser.<\/p>\n\n\n\n<p>Affe har sannolikt varit heml\u00f6s hela sitt liv, det vittnar hans m\u00e5nga \u00e4rr om och det faktum att han var okastrerad n\u00e4r vi tog ansvar f\u00f6r honom. Men han verkar alltid ha s\u00f6kt sig till m\u00e4nniskor och velat komma in i hus. Nu \u00e4ntligen \u00e4r han hemma! Nu har han hittat sin m\u00e4nniska!<\/p>\n\n\n\n<figure class=\"wp-block-gallery has-nested-images columns-default is-cropped wp-block-gallery-1 is-layout-flex wp-block-gallery-is-layout-flex\">\n<figure class=\"wp-block-image size-large\"><img loading=\"lazy\" decoding=\"async\" width=\"768\" height=\"1024\" data-id=\"9015\" src=\"https:\/\/www.djurskyddet.se\/flyingebygden\/wp-content\/uploads\/sites\/53\/2022\/12\/affe2-768x1024.jpeg\" alt=\"\" class=\"wp-image-9015\" srcset=\"https:\/\/www.djurskyddet.se\/flyingebygden\/wp-content\/uploads\/sites\/53\/2022\/12\/affe2-768x1024.jpeg 768w, https:\/\/www.djurskyddet.se\/flyingebygden\/wp-content\/uploads\/sites\/53\/2022\/12\/affe2-225x300.jpeg 225w, https:\/\/www.djurskyddet.se\/flyingebygden\/wp-content\/uploads\/sites\/53\/2022\/12\/affe2-400x533.jpeg 400w, https:\/\/www.djurskyddet.se\/flyingebygden\/wp-content\/uploads\/sites\/53\/2022\/12\/affe2.jpeg 828w\" sizes=\"auto, (max-width: 768px) 100vw, 768px\" \/><\/figure>\n\n\n\n<figure class=\"wp-block-image size-large\"><img loading=\"lazy\" decoding=\"async\" width=\"750\" height=\"575\" data-id=\"8735\" src=\"https:\/\/www.djurskyddet.se\/flyingebygden\/wp-content\/uploads\/sites\/53\/2022\/10\/Affewebb-1-e1672823950504.jpg\" alt=\"\" class=\"wp-image-8735\" srcset=\"https:\/\/www.djurskyddet.se\/flyingebygden\/wp-content\/uploads\/sites\/53\/2022\/10\/Affewebb-1-e1672823950504.jpg 750w, https:\/\/www.djurskyddet.se\/flyingebygden\/wp-content\/uploads\/sites\/53\/2022\/10\/Affewebb-1-e1672823950504-300x230.jpg 300w, https:\/\/www.djurskyddet.se\/flyingebygden\/wp-content\/uploads\/sites\/53\/2022\/10\/Affewebb-1-e1672823950504-400x307.jpg 400w\" sizes=\"auto, (max-width: 750px) 100vw, 750px\" \/><\/figure>\n<\/figure>\n","protected":false},"excerpt":{"rendered":"<p>Affe har nu gjort sig hemmastadd i sitt f\u00f6r-alltid-hem i G\u00e5rdst\u00e5nga! Affe och nya matte Christina \u00e4r redan som ler och l\u00e5nghalm. Affe f\u00f6ljer henne vart hon \u00e4n g\u00e5r och ligger g\u00e4rna t\u00e4tt intill och myser. Affe har sannolikt varit heml\u00f6s hela sitt liv, det vittnar hans m\u00e5nga \u00e4rr om och det faktum att han var okastrerad n\u00e4r vi tog ansvar f\u00f6r honom. Men han verkar alltid ha s\u00f6kt sig&hellip;<\/p>\n<p><a class=\"more-link\" href=\"https:\/\/www.djurskyddet.se\/flyingebygden\/djur-vi-hjalpt\/2022\/affe\/\" title=\"Continue reading &lsquo;Affe&rsquo;\">L&auml;s mer<span class=\"meta-nav\">&raquo;<\/span><\/a><\/p>\n","protected":false},"author":66,"featured_media":8735,"comment_status":"closed","ping_status":"open","sticky":false,"template":"","format":"standard","meta":{"_acf_changed":false,"footnotes":""},"categories":[28],"tags":[],"class_list":["post-8726","post","type-post","status-publish","format-standard","has-post-thumbnail","hentry","category-28"],"acf":[],"_links":{"self":[{"href":"https:\/\/www.djurskyddet.se\/flyingebygden\/wp-json\/wp\/v2\/posts\/8726","targetHints":{"allow":["GET"]}}],"collection":[{"href":"https:\/\/www.djurskyddet.se\/flyingebygden\/wp-json\/wp\/v2\/posts"}],"about":[{"href":"https:\/\/www.djurskyddet.se\/flyingebygden\/wp-json\/wp\/v2\/types\/post"}],"author":[{"embeddable":true,"href":"https:\/\/www.djurskyddet.se\/flyingebygden\/wp-json\/wp\/v2\/users\/66"}],"replies":[{"embeddable":true,"href":"https:\/\/www.djurskyddet.se\/flyingebygden\/wp-json\/wp\/v2\/comments?post=8726"}],"version-history":[{"count":13,"href":"https:\/\/www.djurskyddet.se\/flyingebygden\/wp-json\/wp\/v2\/posts\/8726\/revisions"}],"predecessor-version":[{"id":9466,"href":"https:\/\/www.djurskyddet.se\/flyingebygden\/wp-json\/wp\/v2\/posts\/8726\/revisions\/9466"}],"wp:featuredmedia":[{"embeddable":true,"href":"https:\/\/www.djurskyddet.se\/flyingebygden\/wp-json\/wp\/v2\/media\/8735"}],"wp:attachment":[{"href":"https:\/\/www.djurskyddet.se\/flyingebygden\/wp-json\/wp\/v2\/media?parent=8726"}],"wp:term":[{"taxonomy":"category","embeddable":true,"href":"https:\/\/www.djurskyddet.se\/flyingebygden\/wp-json\/wp\/v2\/categories?post=8726"},{"taxonomy":"post_tag","embeddable":true,"href":"https:\/\/www.djurskyddet.se\/flyingebygden\/wp-json\/wp\/v2\/tags?post=8726"}],"curies":[{"name":"wp","href":"https:\/\/api.w.org\/{rel}","templated":true}]}}