{"id":8861,"date":"2022-11-24T09:31:00","date_gmt":"2022-11-24T09:31:00","guid":{"rendered":"https:\/\/www.djurskyddet.se\/flyingebygden\/?p=8861"},"modified":"2022-12-27T06:35:57","modified_gmt":"2022-12-27T06:35:57","slug":"abbe","status":"publish","type":"post","link":"https:\/\/www.djurskyddet.se\/flyingebygden\/djur-vi-hjalpt\/2022\/abbe\/","title":{"rendered":"Abbe"},"content":{"rendered":"\n<p>Abbe bor numera bor i G\u00e5rdst\u00e5nga. han \u00e4r en av kattungarna till Asta, f\u00f6reningens f\u00f6rsta katt med ungar att hj\u00e4lpa till en b\u00e4ttre tillvaro.<\/p>\n\n\n\n<p>Asta lade sina ungar under en verktygsbod i en tr\u00e4dg\u00e5rd. Troligtvis var hon f\u00f6dd heml\u00f6s f\u00f6rra sommaren p\u00e5 en g\u00e5rd en bit bort. Man hade sett henne stryka bland husen och trodde hon var skygg. V\u00e4l i jourhem visade det sig att hon var tam, men mager och full av f\u00e4stingar och loppor. Hon var en duktig mamma trots sin unga \u00e5lder.<\/p>\n\n\n\n<div class=\"wp-block-columns is-layout-flex wp-container-core-columns-is-layout-1 wp-block-columns-is-layout-flex\">\n<div class=\"wp-block-column is-layout-flow wp-block-column-is-layout-flow\" style=\"flex-basis:100%\">\n<figure class=\"wp-block-gallery has-nested-images columns-default is-cropped wp-block-gallery-1 is-layout-flex wp-block-gallery-is-layout-flex\">\n<figure class=\"wp-block-image size-full\"><img loading=\"lazy\" decoding=\"async\" width=\"640\" height=\"360\" src=\"https:\/\/www.djurskyddet.se\/flyingebygden\/wp-content\/uploads\/sites\/53\/2022\/12\/ABBE.jpeg\" alt=\"\" class=\"wp-image-8862\" srcset=\"https:\/\/www.djurskyddet.se\/flyingebygden\/wp-content\/uploads\/sites\/53\/2022\/12\/ABBE.jpeg 640w, https:\/\/www.djurskyddet.se\/flyingebygden\/wp-content\/uploads\/sites\/53\/2022\/12\/ABBE-300x169.jpeg 300w, https:\/\/www.djurskyddet.se\/flyingebygden\/wp-content\/uploads\/sites\/53\/2022\/12\/ABBE-400x225.jpeg 400w\" sizes=\"auto, (max-width: 640px) 100vw, 640px\" \/><\/figure>\n<\/figure>\n<\/div>\n<\/div>\n\n\n\n<figure class=\"wp-block-gallery has-nested-images columns-default is-cropped wp-block-gallery-2 is-layout-flex wp-block-gallery-is-layout-flex\">\n<figure class=\"wp-block-image size-large\"><img loading=\"lazy\" decoding=\"async\" width=\"640\" height=\"361\" data-id=\"8999\" src=\"https:\/\/www.djurskyddet.se\/flyingebygden\/wp-content\/uploads\/sites\/53\/2022\/12\/abbe2.jpeg\" alt=\"\" class=\"wp-image-8999\" srcset=\"https:\/\/www.djurskyddet.se\/flyingebygden\/wp-content\/uploads\/sites\/53\/2022\/12\/abbe2.jpeg 640w, https:\/\/www.djurskyddet.se\/flyingebygden\/wp-content\/uploads\/sites\/53\/2022\/12\/abbe2-300x169.jpeg 300w, https:\/\/www.djurskyddet.se\/flyingebygden\/wp-content\/uploads\/sites\/53\/2022\/12\/abbe2-400x226.jpeg 400w\" sizes=\"auto, (max-width: 640px) 100vw, 640px\" \/><\/figure>\n<\/figure>\n","protected":false},"excerpt":{"rendered":"<p>Abbe bor numera bor i G\u00e5rdst\u00e5nga. han \u00e4r en av kattungarna till Asta, f\u00f6reningens f\u00f6rsta katt med ungar att hj\u00e4lpa till en b\u00e4ttre tillvaro. Asta lade sina ungar under en verktygsbod i en tr\u00e4dg\u00e5rd. Troligtvis var hon f\u00f6dd heml\u00f6s f\u00f6rra sommaren p\u00e5 en g\u00e5rd en bit bort. Man hade sett henne stryka bland husen och trodde hon var skygg. V\u00e4l i jourhem visade det sig att hon var tam, men&hellip;<\/p>\n<p><a class=\"more-link\" href=\"https:\/\/www.djurskyddet.se\/flyingebygden\/djur-vi-hjalpt\/2022\/abbe\/\" title=\"Continue reading &lsquo;Abbe&rsquo;\">L&auml;s mer<span class=\"meta-nav\">&raquo;<\/span><\/a><\/p>\n","protected":false},"author":66,"featured_media":8862,"comment_status":"closed","ping_status":"open","sticky":false,"template":"","format":"standard","meta":{"_acf_changed":false,"footnotes":""},"categories":[28],"tags":[],"class_list":["post-8861","post","type-post","status-publish","format-standard","has-post-thumbnail","hentry","category-28"],"acf":[],"_links":{"self":[{"href":"https:\/\/www.djurskyddet.se\/flyingebygden\/wp-json\/wp\/v2\/posts\/8861","targetHints":{"allow":["GET"]}}],"collection":[{"href":"https:\/\/www.djurskyddet.se\/flyingebygden\/wp-json\/wp\/v2\/posts"}],"about":[{"href":"https:\/\/www.djurskyddet.se\/flyingebygden\/wp-json\/wp\/v2\/types\/post"}],"author":[{"embeddable":true,"href":"https:\/\/www.djurskyddet.se\/flyingebygden\/wp-json\/wp\/v2\/users\/66"}],"replies":[{"embeddable":true,"href":"https:\/\/www.djurskyddet.se\/flyingebygden\/wp-json\/wp\/v2\/comments?post=8861"}],"version-history":[{"count":3,"href":"https:\/\/www.djurskyddet.se\/flyingebygden\/wp-json\/wp\/v2\/posts\/8861\/revisions"}],"predecessor-version":[{"id":9004,"href":"https:\/\/www.djurskyddet.se\/flyingebygden\/wp-json\/wp\/v2\/posts\/8861\/revisions\/9004"}],"wp:featuredmedia":[{"embeddable":true,"href":"https:\/\/www.djurskyddet.se\/flyingebygden\/wp-json\/wp\/v2\/media\/8862"}],"wp:attachment":[{"href":"https:\/\/www.djurskyddet.se\/flyingebygden\/wp-json\/wp\/v2\/media?parent=8861"}],"wp:term":[{"taxonomy":"category","embeddable":true,"href":"https:\/\/www.djurskyddet.se\/flyingebygden\/wp-json\/wp\/v2\/categories?post=8861"},{"taxonomy":"post_tag","embeddable":true,"href":"https:\/\/www.djurskyddet.se\/flyingebygden\/wp-json\/wp\/v2\/tags?post=8861"}],"curies":[{"name":"wp","href":"https:\/\/api.w.org\/{rel}","templated":true}]}}