{"id":8865,"date":"2022-11-24T09:43:00","date_gmt":"2022-11-24T09:43:00","guid":{"rendered":"https:\/\/www.djurskyddet.se\/flyingebygden\/?p=8865"},"modified":"2023-02-04T11:31:48","modified_gmt":"2023-02-04T11:31:48","slug":"august","status":"publish","type":"post","link":"https:\/\/www.djurskyddet.se\/flyingebygden\/djur-vi-hjalpt\/2022\/august\/","title":{"rendered":"August"},"content":{"rendered":"\n<p>August (Silas) bor numera i L\u00f6ber\u00f6d. Han \u00e4r en av kattungarna till Asta, f\u00f6reningens f\u00f6rsta katt med ungar att hj\u00e4lpa till en b\u00e4ttre tillvaro.<\/p>\n\n\n\n<p>Asta lade sina ungar under en verktygsbod i en tr\u00e4dg\u00e5rd. Troligtvis var hon f\u00f6dd heml\u00f6s f\u00f6rra sommaren p\u00e5 en g\u00e5rd en bit bort. Man hade sett henne stryka bland husen och trodde hon var skygg. V\u00e4l i jourhem visade det sig att hon var tam, men mager och full av f\u00e4stingar och loppor. Hon var en duktig mamma trots sin unga \u00e5lder.<\/p>\n\n\n\n<figure class=\"wp-block-image size-full\"><img loading=\"lazy\" decoding=\"async\" width=\"768\" height=\"1024\" src=\"https:\/\/www.djurskyddet.se\/flyingebygden\/wp-content\/uploads\/sites\/53\/2022\/12\/August.jpeg\" alt=\"\" class=\"wp-image-8866\" srcset=\"https:\/\/www.djurskyddet.se\/flyingebygden\/wp-content\/uploads\/sites\/53\/2022\/12\/August.jpeg 768w, https:\/\/www.djurskyddet.se\/flyingebygden\/wp-content\/uploads\/sites\/53\/2022\/12\/August-225x300.jpeg 225w, https:\/\/www.djurskyddet.se\/flyingebygden\/wp-content\/uploads\/sites\/53\/2022\/12\/August-400x533.jpeg 400w\" sizes=\"auto, (max-width: 768px) 100vw, 768px\" \/><\/figure>\n","protected":false},"excerpt":{"rendered":"<p>August (Silas) bor numera i L\u00f6ber\u00f6d. Han \u00e4r en av kattungarna till Asta, f\u00f6reningens f\u00f6rsta katt med ungar att hj\u00e4lpa till en b\u00e4ttre tillvaro. Asta lade sina ungar under en verktygsbod i en tr\u00e4dg\u00e5rd. Troligtvis var hon f\u00f6dd heml\u00f6s f\u00f6rra sommaren p\u00e5 en g\u00e5rd en bit bort. Man hade sett henne stryka bland husen och trodde hon var skygg. V\u00e4l i jourhem visade det sig att hon var tam, men&hellip;<\/p>\n<p><a class=\"more-link\" href=\"https:\/\/www.djurskyddet.se\/flyingebygden\/djur-vi-hjalpt\/2022\/august\/\" title=\"Continue reading &lsquo;August&rsquo;\">L&auml;s mer<span class=\"meta-nav\">&raquo;<\/span><\/a><\/p>\n","protected":false},"author":66,"featured_media":8866,"comment_status":"closed","ping_status":"open","sticky":false,"template":"","format":"standard","meta":{"_acf_changed":false,"footnotes":""},"categories":[28],"tags":[],"class_list":["post-8865","post","type-post","status-publish","format-standard","has-post-thumbnail","hentry","category-28"],"acf":[],"_links":{"self":[{"href":"https:\/\/www.djurskyddet.se\/flyingebygden\/wp-json\/wp\/v2\/posts\/8865","targetHints":{"allow":["GET"]}}],"collection":[{"href":"https:\/\/www.djurskyddet.se\/flyingebygden\/wp-json\/wp\/v2\/posts"}],"about":[{"href":"https:\/\/www.djurskyddet.se\/flyingebygden\/wp-json\/wp\/v2\/types\/post"}],"author":[{"embeddable":true,"href":"https:\/\/www.djurskyddet.se\/flyingebygden\/wp-json\/wp\/v2\/users\/66"}],"replies":[{"embeddable":true,"href":"https:\/\/www.djurskyddet.se\/flyingebygden\/wp-json\/wp\/v2\/comments?post=8865"}],"version-history":[{"count":4,"href":"https:\/\/www.djurskyddet.se\/flyingebygden\/wp-json\/wp\/v2\/posts\/8865\/revisions"}],"predecessor-version":[{"id":9459,"href":"https:\/\/www.djurskyddet.se\/flyingebygden\/wp-json\/wp\/v2\/posts\/8865\/revisions\/9459"}],"wp:featuredmedia":[{"embeddable":true,"href":"https:\/\/www.djurskyddet.se\/flyingebygden\/wp-json\/wp\/v2\/media\/8866"}],"wp:attachment":[{"href":"https:\/\/www.djurskyddet.se\/flyingebygden\/wp-json\/wp\/v2\/media?parent=8865"}],"wp:term":[{"taxonomy":"category","embeddable":true,"href":"https:\/\/www.djurskyddet.se\/flyingebygden\/wp-json\/wp\/v2\/categories?post=8865"},{"taxonomy":"post_tag","embeddable":true,"href":"https:\/\/www.djurskyddet.se\/flyingebygden\/wp-json\/wp\/v2\/tags?post=8865"}],"curies":[{"name":"wp","href":"https:\/\/api.w.org\/{rel}","templated":true}]}}