{"id":8981,"date":"2022-11-02T10:11:00","date_gmt":"2022-11-02T10:11:00","guid":{"rendered":"https:\/\/www.djurskyddet.se\/flyingebygden\/?p=8981"},"modified":"2023-02-04T11:33:30","modified_gmt":"2023-02-04T11:33:30","slug":"asther","status":"publish","type":"post","link":"https:\/\/www.djurskyddet.se\/flyingebygden\/djur-vi-hjalpt\/2022\/asther\/","title":{"rendered":"Asther"},"content":{"rendered":"<div class=\"wp-block-post-date\"><time datetime=\"2022-11-02T10:11:00+00:00\">2 november, 2022<\/time><\/div>\n\n\n<p>Asther har nu flyttat till sitt nya hem hos Karen och Lars <img loading=\"lazy\" decoding=\"async\" height=\"16\" width=\"16\" src=\"https:\/\/static.xx.fbcdn.net\/images\/emoji.php\/v9\/ted\/2\/16\/2764.png\" alt=\"\u2764\ufe0f\"><\/p>\n\n\n\n<p>Asther \u00e4r n\u00e5gon av de mest tillgivna och sn\u00e4lla katterna vi tr\u00e4ffat. Hon finner tillit till alla de m\u00e4nniskor hon tr\u00e4ffat h\u00e4r hos oss och \u00e4r snabb med att hoppa upp i kn\u00e4et p\u00e5 alla. Asther har varit heml\u00f6s l\u00e4nge och togs in fr\u00e5n Dalby i b\u00f6rjan av h\u00f6sten. Vi uppskattar att hon \u00e4r ca 1 \u00e5r gammal.<\/p>\n\n\n\n<p>Stort tack till jourhemmet, Ebba i Dalby f\u00f6r att du \u00f6ppnade ert hem f\u00f6r att ta in Asther <img loading=\"lazy\" decoding=\"async\" height=\"16\" width=\"16\" src=\"https:\/\/static.xx.fbcdn.net\/images\/emoji.php\/v9\/ted\/2\/16\/2764.png\" alt=\"\u2764\ufe0f\"><\/p>\n\n\n\n<figure class=\"wp-block-image size-full\"><img loading=\"lazy\" decoding=\"async\" width=\"768\" height=\"1024\" src=\"https:\/\/www.djurskyddet.se\/flyingebygden\/wp-content\/uploads\/sites\/53\/2022\/12\/asther-hem.jpeg\" alt=\"\" class=\"wp-image-8983\" srcset=\"https:\/\/www.djurskyddet.se\/flyingebygden\/wp-content\/uploads\/sites\/53\/2022\/12\/asther-hem.jpeg 768w, https:\/\/www.djurskyddet.se\/flyingebygden\/wp-content\/uploads\/sites\/53\/2022\/12\/asther-hem-225x300.jpeg 225w, https:\/\/www.djurskyddet.se\/flyingebygden\/wp-content\/uploads\/sites\/53\/2022\/12\/asther-hem-400x533.jpeg 400w\" sizes=\"auto, (max-width: 768px) 100vw, 768px\" \/><\/figure>\n","protected":false},"excerpt":{"rendered":"<p>Asther har nu flyttat till sitt nya hem hos Karen och Lars Asther \u00e4r n\u00e5gon av de mest tillgivna och sn\u00e4lla katterna vi tr\u00e4ffat. Hon finner tillit till alla de m\u00e4nniskor hon tr\u00e4ffat h\u00e4r hos oss och \u00e4r snabb med att hoppa upp i kn\u00e4et p\u00e5 alla. Asther har varit heml\u00f6s l\u00e4nge och togs in fr\u00e5n Dalby i b\u00f6rjan av h\u00f6sten. Vi uppskattar att hon \u00e4r ca 1 \u00e5r gammal.&hellip;<\/p>\n<p><a class=\"more-link\" href=\"https:\/\/www.djurskyddet.se\/flyingebygden\/djur-vi-hjalpt\/2022\/asther\/\" title=\"Continue reading &lsquo;Asther&rsquo;\">L&auml;s mer<span class=\"meta-nav\">&raquo;<\/span><\/a><\/p>\n","protected":false},"author":66,"featured_media":8982,"comment_status":"closed","ping_status":"open","sticky":false,"template":"","format":"standard","meta":{"_acf_changed":false,"footnotes":""},"categories":[28],"tags":[],"class_list":["post-8981","post","type-post","status-publish","format-standard","has-post-thumbnail","hentry","category-28"],"acf":[],"_links":{"self":[{"href":"https:\/\/www.djurskyddet.se\/flyingebygden\/wp-json\/wp\/v2\/posts\/8981","targetHints":{"allow":["GET"]}}],"collection":[{"href":"https:\/\/www.djurskyddet.se\/flyingebygden\/wp-json\/wp\/v2\/posts"}],"about":[{"href":"https:\/\/www.djurskyddet.se\/flyingebygden\/wp-json\/wp\/v2\/types\/post"}],"author":[{"embeddable":true,"href":"https:\/\/www.djurskyddet.se\/flyingebygden\/wp-json\/wp\/v2\/users\/66"}],"replies":[{"embeddable":true,"href":"https:\/\/www.djurskyddet.se\/flyingebygden\/wp-json\/wp\/v2\/comments?post=8981"}],"version-history":[{"count":3,"href":"https:\/\/www.djurskyddet.se\/flyingebygden\/wp-json\/wp\/v2\/posts\/8981\/revisions"}],"predecessor-version":[{"id":9461,"href":"https:\/\/www.djurskyddet.se\/flyingebygden\/wp-json\/wp\/v2\/posts\/8981\/revisions\/9461"}],"wp:featuredmedia":[{"embeddable":true,"href":"https:\/\/www.djurskyddet.se\/flyingebygden\/wp-json\/wp\/v2\/media\/8982"}],"wp:attachment":[{"href":"https:\/\/www.djurskyddet.se\/flyingebygden\/wp-json\/wp\/v2\/media?parent=8981"}],"wp:term":[{"taxonomy":"category","embeddable":true,"href":"https:\/\/www.djurskyddet.se\/flyingebygden\/wp-json\/wp\/v2\/categories?post=8981"},{"taxonomy":"post_tag","embeddable":true,"href":"https:\/\/www.djurskyddet.se\/flyingebygden\/wp-json\/wp\/v2\/tags?post=8981"}],"curies":[{"name":"wp","href":"https:\/\/api.w.org\/{rel}","templated":true}]}}