{"id":9049,"date":"2022-10-09T09:44:11","date_gmt":"2022-10-09T09:44:11","guid":{"rendered":"https:\/\/www.djurskyddet.se\/flyingebygden\/?p=9049"},"modified":"2023-02-04T11:38:55","modified_gmt":"2023-02-04T11:38:55","slug":"adonis-apollo","status":"publish","type":"post","link":"https:\/\/www.djurskyddet.se\/flyingebygden\/djur-vi-hjalpt\/2022\/adonis-apollo\/","title":{"rendered":"Adonis &amp; Apollo"},"content":{"rendered":"\n<p>Adonis \u00e4r Asterias unge och kom till oss, med sina syskon , n\u00e5gra veckor gammal. Asteria hade lagt sina ungar i ett vardagsrum till en kvinna som bara ville ta in den stackars heml\u00f6sa katten och ge henne lite mat.<\/p>\n\n\n\n<p>Apollo hittades \u00f6vergiven under en altan och var d\u00e5ligt skick men adopterades av Asteria och hennes ungar. Till v\u00e5r engagerade volont\u00e4r Sara flyttade b\u00e5de Adonis och Apollo. Nu f\u00e5r han bo med en av sina \u201dbrother from another mother\u201d resten av livet och en h\u00e4ngiven matte! <\/p>\n\n\n\n<figure class=\"wp-block-gallery has-nested-images columns-default is-cropped wp-block-gallery-1 is-layout-flex wp-block-gallery-is-layout-flex\">\n<figure class=\"wp-block-image size-large\"><img loading=\"lazy\" decoding=\"async\" width=\"321\" height=\"206\" data-id=\"9082\" src=\"https:\/\/www.djurskyddet.se\/flyingebygden\/wp-content\/uploads\/sites\/53\/2023\/01\/adonis-apollo_2.jpeg\" alt=\"\" class=\"wp-image-9082\" srcset=\"https:\/\/www.djurskyddet.se\/flyingebygden\/wp-content\/uploads\/sites\/53\/2023\/01\/adonis-apollo_2.jpeg 321w, https:\/\/www.djurskyddet.se\/flyingebygden\/wp-content\/uploads\/sites\/53\/2023\/01\/adonis-apollo_2-300x193.jpeg 300w\" sizes=\"auto, (max-width: 321px) 100vw, 321px\" \/><\/figure>\n<\/figure>\n","protected":false},"excerpt":{"rendered":"<p>Adonis \u00e4r Asterias unge och kom till oss, med sina syskon , n\u00e5gra veckor gammal. Asteria hade lagt sina ungar i ett vardagsrum till en kvinna som bara ville ta in den stackars heml\u00f6sa katten och ge henne lite mat. Apollo hittades \u00f6vergiven under en altan och var d\u00e5ligt skick men adopterades av Asteria och hennes ungar. Till v\u00e5r engagerade volont\u00e4r Sara flyttade b\u00e5de Adonis och Apollo. Nu f\u00e5r han&hellip;<\/p>\n<p><a class=\"more-link\" href=\"https:\/\/www.djurskyddet.se\/flyingebygden\/djur-vi-hjalpt\/2022\/adonis-apollo\/\" title=\"Continue reading &lsquo;Adonis &amp; Apollo&rsquo;\">L&auml;s mer<span class=\"meta-nav\">&raquo;<\/span><\/a><\/p>\n","protected":false},"author":66,"featured_media":9082,"comment_status":"closed","ping_status":"open","sticky":false,"template":"","format":"standard","meta":{"_acf_changed":false,"footnotes":""},"categories":[28],"tags":[],"class_list":["post-9049","post","type-post","status-publish","format-standard","has-post-thumbnail","hentry","category-28"],"acf":[],"_links":{"self":[{"href":"https:\/\/www.djurskyddet.se\/flyingebygden\/wp-json\/wp\/v2\/posts\/9049","targetHints":{"allow":["GET"]}}],"collection":[{"href":"https:\/\/www.djurskyddet.se\/flyingebygden\/wp-json\/wp\/v2\/posts"}],"about":[{"href":"https:\/\/www.djurskyddet.se\/flyingebygden\/wp-json\/wp\/v2\/types\/post"}],"author":[{"embeddable":true,"href":"https:\/\/www.djurskyddet.se\/flyingebygden\/wp-json\/wp\/v2\/users\/66"}],"replies":[{"embeddable":true,"href":"https:\/\/www.djurskyddet.se\/flyingebygden\/wp-json\/wp\/v2\/comments?post=9049"}],"version-history":[{"count":3,"href":"https:\/\/www.djurskyddet.se\/flyingebygden\/wp-json\/wp\/v2\/posts\/9049\/revisions"}],"predecessor-version":[{"id":9468,"href":"https:\/\/www.djurskyddet.se\/flyingebygden\/wp-json\/wp\/v2\/posts\/9049\/revisions\/9468"}],"wp:featuredmedia":[{"embeddable":true,"href":"https:\/\/www.djurskyddet.se\/flyingebygden\/wp-json\/wp\/v2\/media\/9082"}],"wp:attachment":[{"href":"https:\/\/www.djurskyddet.se\/flyingebygden\/wp-json\/wp\/v2\/media?parent=9049"}],"wp:term":[{"taxonomy":"category","embeddable":true,"href":"https:\/\/www.djurskyddet.se\/flyingebygden\/wp-json\/wp\/v2\/categories?post=9049"},{"taxonomy":"post_tag","embeddable":true,"href":"https:\/\/www.djurskyddet.se\/flyingebygden\/wp-json\/wp\/v2\/tags?post=9049"}],"curies":[{"name":"wp","href":"https:\/\/api.w.org\/{rel}","templated":true}]}}