{"id":9052,"date":"2022-10-09T09:50:53","date_gmt":"2022-10-09T09:50:53","guid":{"rendered":"https:\/\/www.djurskyddet.se\/flyingebygden\/?p=9052"},"modified":"2023-02-04T11:38:18","modified_gmt":"2023-02-04T11:38:18","slug":"akilles","status":"publish","type":"post","link":"https:\/\/www.djurskyddet.se\/flyingebygden\/djur-vi-hjalpt\/2022\/akilles\/","title":{"rendered":"Akilles"},"content":{"rendered":"\n<p>Akilles \u00e4r Asterias son och kom till oss n\u00e5gra veckor gammal. Hans mamma hade lagt sina ungar i ett vardagsrum till en kvinna som bara ville ta in den stackars heml\u00f6sa katten och ge henne lite mat.<\/p>\n\n\n\n<p>Akilles, som \u00e4lskar att vara i centrum, flyttade till Nathalie och Miliam i V\u00e4xj\u00f6 d\u00e4r han kommer att f\u00e5 s\u00e4llskap av en ung kattdam och vara en h\u00f6gt \u00e4lskad familjemedlem.<\/p>\n\n\n\n<figure class=\"wp-block-gallery has-nested-images columns-default is-cropped wp-block-gallery-1 is-layout-flex wp-block-gallery-is-layout-flex\">\n<figure class=\"wp-block-image size-large\"><img loading=\"lazy\" decoding=\"async\" width=\"768\" height=\"1024\" data-id=\"9054\" src=\"https:\/\/www.djurskyddet.se\/flyingebygden\/wp-content\/uploads\/sites\/53\/2023\/01\/akilles-skal.jpeg\" alt=\"\" class=\"wp-image-9054\" srcset=\"https:\/\/www.djurskyddet.se\/flyingebygden\/wp-content\/uploads\/sites\/53\/2023\/01\/akilles-skal.jpeg 768w, https:\/\/www.djurskyddet.se\/flyingebygden\/wp-content\/uploads\/sites\/53\/2023\/01\/akilles-skal-225x300.jpeg 225w, https:\/\/www.djurskyddet.se\/flyingebygden\/wp-content\/uploads\/sites\/53\/2023\/01\/akilles-skal-400x533.jpeg 400w\" sizes=\"auto, (max-width: 768px) 100vw, 768px\" \/><\/figure>\n\n\n\n<figure class=\"wp-block-image size-large\"><img loading=\"lazy\" decoding=\"async\" width=\"1024\" height=\"887\" data-id=\"9053\" src=\"https:\/\/www.djurskyddet.se\/flyingebygden\/wp-content\/uploads\/sites\/53\/2023\/01\/akilles-unge.jpeg\" alt=\"\" class=\"wp-image-9053\" srcset=\"https:\/\/www.djurskyddet.se\/flyingebygden\/wp-content\/uploads\/sites\/53\/2023\/01\/akilles-unge.jpeg 1024w, https:\/\/www.djurskyddet.se\/flyingebygden\/wp-content\/uploads\/sites\/53\/2023\/01\/akilles-unge-300x260.jpeg 300w, https:\/\/www.djurskyddet.se\/flyingebygden\/wp-content\/uploads\/sites\/53\/2023\/01\/akilles-unge-768x665.jpeg 768w, https:\/\/www.djurskyddet.se\/flyingebygden\/wp-content\/uploads\/sites\/53\/2023\/01\/akilles-unge-400x346.jpeg 400w\" sizes=\"auto, (max-width: 1024px) 100vw, 1024px\" \/><\/figure>\n<\/figure>\n","protected":false},"excerpt":{"rendered":"<p>Akilles \u00e4r Asterias son och kom till oss n\u00e5gra veckor gammal. Hans mamma hade lagt sina ungar i ett vardagsrum till en kvinna som bara ville ta in den stackars heml\u00f6sa katten och ge henne lite mat. Akilles, som \u00e4lskar att vara i centrum, flyttade till Nathalie och Miliam i V\u00e4xj\u00f6 d\u00e4r han kommer att f\u00e5 s\u00e4llskap av en ung kattdam och vara en h\u00f6gt \u00e4lskad familjemedlem.<\/p>\n","protected":false},"author":66,"featured_media":9053,"comment_status":"closed","ping_status":"open","sticky":false,"template":"","format":"standard","meta":{"_acf_changed":false,"footnotes":""},"categories":[28],"tags":[],"class_list":["post-9052","post","type-post","status-publish","format-standard","has-post-thumbnail","hentry","category-28"],"acf":[],"_links":{"self":[{"href":"https:\/\/www.djurskyddet.se\/flyingebygden\/wp-json\/wp\/v2\/posts\/9052","targetHints":{"allow":["GET"]}}],"collection":[{"href":"https:\/\/www.djurskyddet.se\/flyingebygden\/wp-json\/wp\/v2\/posts"}],"about":[{"href":"https:\/\/www.djurskyddet.se\/flyingebygden\/wp-json\/wp\/v2\/types\/post"}],"author":[{"embeddable":true,"href":"https:\/\/www.djurskyddet.se\/flyingebygden\/wp-json\/wp\/v2\/users\/66"}],"replies":[{"embeddable":true,"href":"https:\/\/www.djurskyddet.se\/flyingebygden\/wp-json\/wp\/v2\/comments?post=9052"}],"version-history":[{"count":2,"href":"https:\/\/www.djurskyddet.se\/flyingebygden\/wp-json\/wp\/v2\/posts\/9052\/revisions"}],"predecessor-version":[{"id":9467,"href":"https:\/\/www.djurskyddet.se\/flyingebygden\/wp-json\/wp\/v2\/posts\/9052\/revisions\/9467"}],"wp:featuredmedia":[{"embeddable":true,"href":"https:\/\/www.djurskyddet.se\/flyingebygden\/wp-json\/wp\/v2\/media\/9053"}],"wp:attachment":[{"href":"https:\/\/www.djurskyddet.se\/flyingebygden\/wp-json\/wp\/v2\/media?parent=9052"}],"wp:term":[{"taxonomy":"category","embeddable":true,"href":"https:\/\/www.djurskyddet.se\/flyingebygden\/wp-json\/wp\/v2\/categories?post=9052"},{"taxonomy":"post_tag","embeddable":true,"href":"https:\/\/www.djurskyddet.se\/flyingebygden\/wp-json\/wp\/v2\/tags?post=9052"}],"curies":[{"name":"wp","href":"https:\/\/api.w.org\/{rel}","templated":true}]}}