{"id":9110,"date":"2022-11-18T08:52:07","date_gmt":"2022-11-18T08:52:07","guid":{"rendered":"https:\/\/www.djurskyddet.se\/flyingebygden\/?p=9110"},"modified":"2023-01-11T09:05:16","modified_gmt":"2023-01-11T09:05:16","slug":"ariel","status":"publish","type":"post","link":"https:\/\/www.djurskyddet.se\/flyingebygden\/djur-vi-hjalpt\/2022\/ariel\/","title":{"rendered":"Ariel"},"content":{"rendered":"\n<p>Idag fick rara lilla Ariel l\u00e4mna v\u00e5r v\u00e4rld och fara till katthimmeln.<\/p>\n\n\n\n<p>Ariel kom till oss i ett fruktansv\u00e4rt d\u00e5ligt skick i november. Hon var en \u00e4ldre katt, som verkar ha haft ett hem men sen f\u00e5tt klara sig sj\u00e4lv av n\u00e5gon anledning i flera \u00e5r. Hon hade synts i Svedala sedan juni, men nu gick hon bokstavligen och skrek efter hj\u00e4lp, utsvulten och med ett \u00f6ga s\u00e5 sv\u00e5rt skadat att det m\u00e5ste tas bort s\u00e5 fort det var m\u00f6jligt. Efter operationen piggnade hon till och ville kela och buffa lite, men tyv\u00e4rr hade hon \u00e4ven en sv\u00e5r sm\u00e4rta i bakkroppen som visade sig n\u00e4r sm\u00e4rtan fr\u00e5n \u00f6gat var borta. R\u00f6ntgen visade h\u00f6ftled och kotor deformerade fr\u00e5n sv\u00e5r artros, enligt veterin\u00e4r med mycket sv\u00e5ra sm\u00e4rtor. D\u00e4rf\u00f6r l\u00e4t vi henne somna in och tr\u00f6star oss med att gjorde allt vi kunde och att hon fick somna in efter att ha k\u00e4nt sig trygg, varm, m\u00e4tt, sm\u00e4rtlindrad och \u00e4lskad igen.&nbsp;<\/p>\n\n\n\n<figure class=\"wp-block-gallery has-nested-images columns-default is-cropped wp-block-gallery-1 is-layout-flex wp-block-gallery-is-layout-flex\">\n<figure class=\"wp-block-image size-large\"><img loading=\"lazy\" decoding=\"async\" width=\"768\" height=\"1024\" data-id=\"9112\" src=\"https:\/\/www.djurskyddet.se\/flyingebygden\/wp-content\/uploads\/sites\/53\/2023\/01\/ariel2-768x1024.jpeg\" alt=\"\" class=\"wp-image-9112\" srcset=\"https:\/\/www.djurskyddet.se\/flyingebygden\/wp-content\/uploads\/sites\/53\/2023\/01\/ariel2-768x1024.jpeg 768w, https:\/\/www.djurskyddet.se\/flyingebygden\/wp-content\/uploads\/sites\/53\/2023\/01\/ariel2-225x300.jpeg 225w, https:\/\/www.djurskyddet.se\/flyingebygden\/wp-content\/uploads\/sites\/53\/2023\/01\/ariel2-400x533.jpeg 400w, https:\/\/www.djurskyddet.se\/flyingebygden\/wp-content\/uploads\/sites\/53\/2023\/01\/ariel2.jpeg 828w\" sizes=\"auto, (max-width: 768px) 100vw, 768px\" \/><\/figure>\n\n\n\n<figure class=\"wp-block-image size-large\"><img loading=\"lazy\" decoding=\"async\" width=\"800\" height=\"600\" data-id=\"9111\" src=\"https:\/\/www.djurskyddet.se\/flyingebygden\/wp-content\/uploads\/sites\/53\/2023\/01\/ariel.jpeg\" alt=\"\" class=\"wp-image-9111\" srcset=\"https:\/\/www.djurskyddet.se\/flyingebygden\/wp-content\/uploads\/sites\/53\/2023\/01\/ariel.jpeg 800w, https:\/\/www.djurskyddet.se\/flyingebygden\/wp-content\/uploads\/sites\/53\/2023\/01\/ariel-300x225.jpeg 300w, https:\/\/www.djurskyddet.se\/flyingebygden\/wp-content\/uploads\/sites\/53\/2023\/01\/ariel-768x576.jpeg 768w, https:\/\/www.djurskyddet.se\/flyingebygden\/wp-content\/uploads\/sites\/53\/2023\/01\/ariel-400x300.jpeg 400w\" sizes=\"auto, (max-width: 800px) 100vw, 800px\" \/><\/figure>\n<\/figure>\n","protected":false},"excerpt":{"rendered":"<p>Idag fick rara lilla Ariel l\u00e4mna v\u00e5r v\u00e4rld och fara till katthimmeln. Ariel kom till oss i ett fruktansv\u00e4rt d\u00e5ligt skick i november. Hon var en \u00e4ldre katt, som verkar ha haft ett hem men sen f\u00e5tt klara sig sj\u00e4lv av n\u00e5gon anledning i flera \u00e5r. Hon hade synts i Svedala sedan juni, men nu gick hon bokstavligen och skrek efter hj\u00e4lp, utsvulten och med ett \u00f6ga s\u00e5 sv\u00e5rt skadat&hellip;<\/p>\n<p><a class=\"more-link\" href=\"https:\/\/www.djurskyddet.se\/flyingebygden\/djur-vi-hjalpt\/2022\/ariel\/\" title=\"Continue reading &lsquo;Ariel&rsquo;\">L&auml;s mer<span class=\"meta-nav\">&raquo;<\/span><\/a><\/p>\n","protected":false},"author":66,"featured_media":9111,"comment_status":"closed","ping_status":"open","sticky":false,"template":"","format":"standard","meta":{"_acf_changed":false,"footnotes":""},"categories":[28],"tags":[],"class_list":["post-9110","post","type-post","status-publish","format-standard","has-post-thumbnail","hentry","category-28"],"acf":[],"_links":{"self":[{"href":"https:\/\/www.djurskyddet.se\/flyingebygden\/wp-json\/wp\/v2\/posts\/9110","targetHints":{"allow":["GET"]}}],"collection":[{"href":"https:\/\/www.djurskyddet.se\/flyingebygden\/wp-json\/wp\/v2\/posts"}],"about":[{"href":"https:\/\/www.djurskyddet.se\/flyingebygden\/wp-json\/wp\/v2\/types\/post"}],"author":[{"embeddable":true,"href":"https:\/\/www.djurskyddet.se\/flyingebygden\/wp-json\/wp\/v2\/users\/66"}],"replies":[{"embeddable":true,"href":"https:\/\/www.djurskyddet.se\/flyingebygden\/wp-json\/wp\/v2\/comments?post=9110"}],"version-history":[{"count":2,"href":"https:\/\/www.djurskyddet.se\/flyingebygden\/wp-json\/wp\/v2\/posts\/9110\/revisions"}],"predecessor-version":[{"id":9116,"href":"https:\/\/www.djurskyddet.se\/flyingebygden\/wp-json\/wp\/v2\/posts\/9110\/revisions\/9116"}],"wp:featuredmedia":[{"embeddable":true,"href":"https:\/\/www.djurskyddet.se\/flyingebygden\/wp-json\/wp\/v2\/media\/9111"}],"wp:attachment":[{"href":"https:\/\/www.djurskyddet.se\/flyingebygden\/wp-json\/wp\/v2\/media?parent=9110"}],"wp:term":[{"taxonomy":"category","embeddable":true,"href":"https:\/\/www.djurskyddet.se\/flyingebygden\/wp-json\/wp\/v2\/categories?post=9110"},{"taxonomy":"post_tag","embeddable":true,"href":"https:\/\/www.djurskyddet.se\/flyingebygden\/wp-json\/wp\/v2\/tags?post=9110"}],"curies":[{"name":"wp","href":"https:\/\/api.w.org\/{rel}","templated":true}]}}