{"id":9549,"date":"2023-03-02T16:50:29","date_gmt":"2023-03-02T16:50:29","guid":{"rendered":"https:\/\/www.djurskyddet.se\/flyingebygden\/?p=9549"},"modified":"2023-04-19T16:29:05","modified_gmt":"2023-04-19T16:29:05","slug":"alvin-och-arne","status":"publish","type":"post","link":"https:\/\/www.djurskyddet.se\/flyingebygden\/djur-vi-hjalpt\/2023\/alvin-och-arne\/","title":{"rendered":"Alvin och Arne"},"content":{"rendered":"\n<p>Arne och Alvin hittades ihop med 3 andra katter p\u00e5 en g\u00e5rd d\u00e4r ingen ville k\u00e4nnas vid dem, de r\u00e4ddades d\u00e4rf\u00f6r in och har tagits om hand i jourhem. De var v\u00e4ldigt skygga och os\u00e4kra runt m\u00e4nniskor n\u00e4r de kom in. Under sina dryga fem m\u00e5nader i jourhem har de b\u00e5da gjort stora framsteg, \u00e4ven om Arne har en bit kvar!<\/p>\n\n\n\n<p>Nu har killarna \u00e4ntligen f\u00e5tt flytta tillsammans till sitt nya k\u00e4rleksfulla hem! Och i fortsatt trygghet av varandra och med stor f\u00f6rst\u00e5else och t\u00e5lamod fr\u00e5n ny \u00e4gare hoppas och tro vi att \u00e4ven Arne p\u00e5 sikt kommer att v\u00e5ga blomma ut han ocks\u00e5!<\/p>\n\n\n\n<figure class=\"wp-block-gallery has-nested-images columns-default is-cropped wp-block-gallery-1 is-layout-flex wp-block-gallery-is-layout-flex\">\n<figure class=\"wp-block-image size-full\"><a href=\"https:\/\/www.djurskyddet.se\/flyingebygden\/wp-content\/uploads\/sites\/53\/2023\/04\/alvin4.jpeg\" target=\"_blank\" rel=\"noopener\"><img loading=\"lazy\" decoding=\"async\" width=\"683\" height=\"1024\" data-id=\"9689\" src=\"https:\/\/www.djurskyddet.se\/flyingebygden\/wp-content\/uploads\/sites\/53\/2023\/04\/alvin4.jpeg\" alt=\"\" class=\"wp-image-9689\" srcset=\"https:\/\/www.djurskyddet.se\/flyingebygden\/wp-content\/uploads\/sites\/53\/2023\/04\/alvin4.jpeg 683w, https:\/\/www.djurskyddet.se\/flyingebygden\/wp-content\/uploads\/sites\/53\/2023\/04\/alvin4-200x300.jpeg 200w, https:\/\/www.djurskyddet.se\/flyingebygden\/wp-content\/uploads\/sites\/53\/2023\/04\/alvin4-400x600.jpeg 400w\" sizes=\"auto, (max-width: 683px) 100vw, 683px\" \/><\/a><\/figure>\n\n\n\n<figure class=\"wp-block-image size-full\"><a href=\"https:\/\/www.djurskyddet.se\/flyingebygden\/wp-content\/uploads\/sites\/53\/2023\/04\/arne4.jpeg\" target=\"_blank\" rel=\"noopener\"><img loading=\"lazy\" decoding=\"async\" width=\"683\" height=\"1024\" data-id=\"9690\" src=\"https:\/\/www.djurskyddet.se\/flyingebygden\/wp-content\/uploads\/sites\/53\/2023\/04\/arne4.jpeg\" alt=\"\" class=\"wp-image-9690\" srcset=\"https:\/\/www.djurskyddet.se\/flyingebygden\/wp-content\/uploads\/sites\/53\/2023\/04\/arne4.jpeg 683w, https:\/\/www.djurskyddet.se\/flyingebygden\/wp-content\/uploads\/sites\/53\/2023\/04\/arne4-200x300.jpeg 200w, https:\/\/www.djurskyddet.se\/flyingebygden\/wp-content\/uploads\/sites\/53\/2023\/04\/arne4-400x600.jpeg 400w\" sizes=\"auto, (max-width: 683px) 100vw, 683px\" \/><\/a><\/figure>\n<\/figure>\n","protected":false},"excerpt":{"rendered":"<p>Arne och Alvin hittades ihop med 3 andra katter p\u00e5 en g\u00e5rd d\u00e4r ingen ville k\u00e4nnas vid dem, de r\u00e4ddades d\u00e4rf\u00f6r in och har tagits om hand i jourhem. De var v\u00e4ldigt skygga och os\u00e4kra runt m\u00e4nniskor n\u00e4r de kom in. Under sina dryga fem m\u00e5nader i jourhem har de b\u00e5da gjort stora framsteg, \u00e4ven om Arne har en bit kvar! Nu har killarna \u00e4ntligen f\u00e5tt flytta tillsammans till sitt&hellip;<\/p>\n<p><a class=\"more-link\" href=\"https:\/\/www.djurskyddet.se\/flyingebygden\/djur-vi-hjalpt\/2023\/alvin-och-arne\/\" title=\"Continue reading &lsquo;Alvin och Arne&rsquo;\">L&auml;s mer<span class=\"meta-nav\">&raquo;<\/span><\/a><\/p>\n","protected":false},"author":66,"featured_media":9552,"comment_status":"closed","ping_status":"closed","sticky":false,"template":"","format":"standard","meta":{"_acf_changed":false,"footnotes":""},"categories":[29],"tags":[],"class_list":["post-9549","post","type-post","status-publish","format-standard","has-post-thumbnail","hentry","category-29"],"acf":[],"_links":{"self":[{"href":"https:\/\/www.djurskyddet.se\/flyingebygden\/wp-json\/wp\/v2\/posts\/9549","targetHints":{"allow":["GET"]}}],"collection":[{"href":"https:\/\/www.djurskyddet.se\/flyingebygden\/wp-json\/wp\/v2\/posts"}],"about":[{"href":"https:\/\/www.djurskyddet.se\/flyingebygden\/wp-json\/wp\/v2\/types\/post"}],"author":[{"embeddable":true,"href":"https:\/\/www.djurskyddet.se\/flyingebygden\/wp-json\/wp\/v2\/users\/66"}],"replies":[{"embeddable":true,"href":"https:\/\/www.djurskyddet.se\/flyingebygden\/wp-json\/wp\/v2\/comments?post=9549"}],"version-history":[{"count":17,"href":"https:\/\/www.djurskyddet.se\/flyingebygden\/wp-json\/wp\/v2\/posts\/9549\/revisions"}],"predecessor-version":[{"id":9731,"href":"https:\/\/www.djurskyddet.se\/flyingebygden\/wp-json\/wp\/v2\/posts\/9549\/revisions\/9731"}],"wp:featuredmedia":[{"embeddable":true,"href":"https:\/\/www.djurskyddet.se\/flyingebygden\/wp-json\/wp\/v2\/media\/9552"}],"wp:attachment":[{"href":"https:\/\/www.djurskyddet.se\/flyingebygden\/wp-json\/wp\/v2\/media?parent=9549"}],"wp:term":[{"taxonomy":"category","embeddable":true,"href":"https:\/\/www.djurskyddet.se\/flyingebygden\/wp-json\/wp\/v2\/categories?post=9549"},{"taxonomy":"post_tag","embeddable":true,"href":"https:\/\/www.djurskyddet.se\/flyingebygden\/wp-json\/wp\/v2\/tags?post=9549"}],"curies":[{"name":"wp","href":"https:\/\/api.w.org\/{rel}","templated":true}]}}