{"id":9745,"date":"2023-04-25T18:51:44","date_gmt":"2023-04-25T18:51:44","guid":{"rendered":"https:\/\/www.djurskyddet.se\/flyingebygden\/?p=9745"},"modified":"2023-10-12T07:33:33","modified_gmt":"2023-10-12T07:33:33","slug":"bianca-frasse","status":"publish","type":"post","link":"https:\/\/www.djurskyddet.se\/flyingebygden\/vilande\/bianca-frasse\/","title":{"rendered":"Bianca &amp; Frasse"},"content":{"rendered":"\n<p>Bianca och Frasse \u00e4r f\u00f6reningens kattversion p\u00e5 Lady &amp; Luften! <\/p>\n\n\n\n<p>Frasse kom in till jourhemmet en kall v\u00e5rvinterdag efter en l\u00e5ng tid som heml\u00f6s och skadad. Han hade siktats i Flyinge med ett stort s\u00e5r p\u00e5 halsen och engagerade m\u00e5nga eldsj\u00e4lar innan han till slut kunde f\u00e5ngas. Det stora s\u00e5ret har tagit b\u00e5de tid och energi att l\u00e4ka, men nu \u00e4r det endast hans \u00e4rr och avsaknaden av n\u00e5gra t\u00e4nder som vittnar om det sv\u00e5ra liv han haft som heml\u00f6s. <\/p>\n\n\n\n<p>I jourhemmet har det tagit l\u00e5ng tid f\u00f6r Frasse att f\u00e5 f\u00f6rtroende f\u00f6r m\u00e4nniskor igen, men tack vare Bianca har han nu kunnat blomma ut ordentligt. Som trollbunden f\u00f6ljer han troget henne, och l\u00e4r sig av henne hur man njuter av livet som innekatt. <\/p>\n\n\n\n<p>Fagra ragdoll-lika Bianca r\u00e4ddades i somras, sv\u00e5rt sjuk och med en kull nyf\u00f6dda kattungar klarade hon med n\u00f6d och n\u00e4ppe livhanken tack vare att hon l\u00e4mnades in p\u00e5 djursjukhuset och kunde f\u00e5 snabb v\u00e5rd. <\/p>\n\n\n\n<p>Hon fick sedan landa i samma jourhem som Frasse befann sig i och det var k\u00e4rlek vid f\u00f6rsta \u00f6gonkastet. Tillsammans har Frasse och Bianca hj\u00e4lpts \u00e5t att uppfostra Biancas ungar. Tanken var f\u00f6rst att hitta varsitt hem \u00e5t alla, men allt eftersom tiden g\u00e5tt har Biancas och Frasses band till varandra vuxit sig v\u00e4ldigt starkt och de s\u00f6ker st\u00e4ndigt varandras n\u00e4rhet. D\u00e4rf\u00f6r vill vi nu att de ska f\u00e5 forts\u00e4tta vandra genom livet tass i tass. <\/p>\n\n\n\n<p>Frasse \u00e4r or\u00e4dd men v\u00e4ldigt artig och f\u00f6rsynt och kr\u00e4ver v\u00e4ldigt lite, men uppskattar all uppm\u00e4rksamhet han f\u00e5r. Speciellt att bli borstad. Han \u00e4r dock inte speciellt f\u00f6rtjust i att bli buren. <\/p>\n\n\n\n<p>Bianca \u00e4r husets primadonna och kr\u00e4ver b\u00e5de gos och mat p\u00e5 tider hon sj\u00e4lv best\u00e4mt, detta g\u00f6r hon genom h\u00f6gljudda befallningar, men en mer medg\u00f6rlig och l\u00e4tthanterlig katt f\u00e5r man leta efter. <\/p>\n\n\n\n<p>Tror du att Frasse och Bianca \u00e4r katterna f\u00f6r dig? Skicka d\u00e5 in din&nbsp;<strong><a rel=\"noreferrer noopener\" href=\"https:\/\/www.djurskyddet.se\/flyingebygden\/djurformedling\/#adoptera\" target=\"_blank\">intresseanm\u00e4lan<\/a><\/strong> redan nu!<\/p>\n\n\n\n<figure class=\"wp-block-table alignleft is-style-stripes\"><table class=\"has-black-color has-text-color has-fixed-layout\"><tbody><tr><td><strong>Kan bo med barn:<\/strong> \u00c4ldre kattvana barn<br><strong>Kan bo med hund:<\/strong> Ja<br><strong>Kan bo med katt: <\/strong>Ja<br><strong>Inne- eller utekatt:<\/strong> Innekatter<br><strong>Personligheter:<\/strong> F\u00f6rsiktig men s\u00e4llskaplig vs. Gosig primadonna<\/td><td><strong>Kastrerad<\/strong>e: Ja<br><strong>Vaccinerade:<\/strong> Ja<br><strong>ID-m\u00e4rkta: <\/strong>Ja med chip<br><strong>F\u00f6rs\u00e4krade:<\/strong> Ja (olycksfall och veterin\u00e4rv\u00e5rd upp till 20000 kr)<br><strong>Adoptionsavgift:<\/strong> 2 500 kr (f\u00f6r b\u00e5da)<\/td><\/tr><\/tbody><\/table><\/figure>\n\n\n\n<p style=\"font-size:12px\"><em>*Klicka p\u00e5 respektive bild f\u00f6r att se den i st\u00f6rre format, bilden \u00f6ppnas d\u00e5 i en ny flik!<\/em><\/p>\n\n\n\n<figure class=\"wp-block-gallery has-nested-images columns-default is-cropped wp-block-gallery-1 is-layout-flex wp-block-gallery-is-layout-flex\">\n<figure class=\"wp-block-image size-large\"><a href=\"https:\/\/www.djurskyddet.se\/flyingebygden\/wp-content\/uploads\/sites\/53\/2023\/08\/BiancaFrasse3.jpeg\" target=\"_blank\" rel=\"noreferrer noopener\"><img loading=\"lazy\" decoding=\"async\" width=\"1024\" height=\"768\" data-id=\"10309\" src=\"https:\/\/www.djurskyddet.se\/flyingebygden\/wp-content\/uploads\/sites\/53\/2023\/08\/BiancaFrasse3.jpeg\" alt=\"\" class=\"wp-image-10309\" srcset=\"https:\/\/www.djurskyddet.se\/flyingebygden\/wp-content\/uploads\/sites\/53\/2023\/08\/BiancaFrasse3.jpeg 1024w, https:\/\/www.djurskyddet.se\/flyingebygden\/wp-content\/uploads\/sites\/53\/2023\/08\/BiancaFrasse3-300x225.jpeg 300w, https:\/\/www.djurskyddet.se\/flyingebygden\/wp-content\/uploads\/sites\/53\/2023\/08\/BiancaFrasse3-768x576.jpeg 768w, https:\/\/www.djurskyddet.se\/flyingebygden\/wp-content\/uploads\/sites\/53\/2023\/08\/BiancaFrasse3-400x300.jpeg 400w\" sizes=\"auto, (max-width: 1024px) 100vw, 1024px\" \/><\/a><\/figure>\n\n\n\n<figure class=\"wp-block-image size-large\"><a href=\"https:\/\/www.djurskyddet.se\/flyingebygden\/wp-content\/uploads\/sites\/53\/2023\/07\/BiancaFrasse.jpeg\" target=\"_blank\" rel=\"noreferrer noopener\"><img loading=\"lazy\" decoding=\"async\" width=\"1024\" height=\"679\" data-id=\"10227\" src=\"https:\/\/www.djurskyddet.se\/flyingebygden\/wp-content\/uploads\/sites\/53\/2023\/07\/BiancaFrasse.jpeg\" alt=\"\" class=\"wp-image-10227\" srcset=\"https:\/\/www.djurskyddet.se\/flyingebygden\/wp-content\/uploads\/sites\/53\/2023\/07\/BiancaFrasse.jpeg 1024w, https:\/\/www.djurskyddet.se\/flyingebygden\/wp-content\/uploads\/sites\/53\/2023\/07\/BiancaFrasse-300x199.jpeg 300w, https:\/\/www.djurskyddet.se\/flyingebygden\/wp-content\/uploads\/sites\/53\/2023\/07\/BiancaFrasse-768x509.jpeg 768w, https:\/\/www.djurskyddet.se\/flyingebygden\/wp-content\/uploads\/sites\/53\/2023\/07\/BiancaFrasse-400x265.jpeg 400w\" sizes=\"auto, (max-width: 1024px) 100vw, 1024px\" \/><\/a><\/figure>\n\n\n\n<figure class=\"wp-block-image size-full\"><a href=\"https:\/\/www.djurskyddet.se\/flyingebygden\/wp-content\/uploads\/sites\/53\/2023\/08\/BiancaFrasse2.jpeg\" target=\"_blank\" rel=\"noreferrer noopener\"><img loading=\"lazy\" decoding=\"async\" width=\"1024\" height=\"768\" data-id=\"10310\" src=\"https:\/\/www.djurskyddet.se\/flyingebygden\/wp-content\/uploads\/sites\/53\/2023\/08\/BiancaFrasse2.jpeg\" alt=\"\" class=\"wp-image-10310\" srcset=\"https:\/\/www.djurskyddet.se\/flyingebygden\/wp-content\/uploads\/sites\/53\/2023\/08\/BiancaFrasse2.jpeg 1024w, https:\/\/www.djurskyddet.se\/flyingebygden\/wp-content\/uploads\/sites\/53\/2023\/08\/BiancaFrasse2-300x225.jpeg 300w, https:\/\/www.djurskyddet.se\/flyingebygden\/wp-content\/uploads\/sites\/53\/2023\/08\/BiancaFrasse2-768x576.jpeg 768w, https:\/\/www.djurskyddet.se\/flyingebygden\/wp-content\/uploads\/sites\/53\/2023\/08\/BiancaFrasse2-400x300.jpeg 400w\" sizes=\"auto, (max-width: 1024px) 100vw, 1024px\" \/><\/a><\/figure>\n\n\n\n<figure class=\"wp-block-image size-full\"><a href=\"https:\/\/www.djurskyddet.se\/flyingebygden\/wp-content\/uploads\/sites\/53\/2023\/08\/BiancaFrasse1.jpeg\" target=\"_blank\" rel=\"noreferrer noopener\"><img loading=\"lazy\" decoding=\"async\" width=\"720\" height=\"1024\" data-id=\"10308\" src=\"https:\/\/www.djurskyddet.se\/flyingebygden\/wp-content\/uploads\/sites\/53\/2023\/08\/BiancaFrasse1.jpeg\" alt=\"\" class=\"wp-image-10308\" srcset=\"https:\/\/www.djurskyddet.se\/flyingebygden\/wp-content\/uploads\/sites\/53\/2023\/08\/BiancaFrasse1.jpeg 720w, https:\/\/www.djurskyddet.se\/flyingebygden\/wp-content\/uploads\/sites\/53\/2023\/08\/BiancaFrasse1-211x300.jpeg 211w, https:\/\/www.djurskyddet.se\/flyingebygden\/wp-content\/uploads\/sites\/53\/2023\/08\/BiancaFrasse1-400x569.jpeg 400w\" sizes=\"auto, (max-width: 720px) 100vw, 720px\" \/><\/a><\/figure>\n<\/figure>\n","protected":false},"excerpt":{"rendered":"<p>Bianca och Frasse \u00e4r f\u00f6reningens kattversion p\u00e5 Lady &amp; Luften! Frasse kom in till jourhemmet en kall v\u00e5rvinterdag efter en l\u00e5ng tid som heml\u00f6s och skadad. Han hade siktats i Flyinge med ett stort s\u00e5r p\u00e5 halsen och engagerade m\u00e5nga eldsj\u00e4lar innan han till slut kunde f\u00e5ngas. Det stora s\u00e5ret har tagit b\u00e5de tid och energi att l\u00e4ka, men nu \u00e4r det endast hans \u00e4rr och avsaknaden av n\u00e5gra t\u00e4nder&hellip;<\/p>\n<p><a class=\"more-link\" href=\"https:\/\/www.djurskyddet.se\/flyingebygden\/vilande\/bianca-frasse\/\" title=\"Continue reading &lsquo;Bianca &amp; Frasse&rsquo;\">L&auml;s mer<span class=\"meta-nav\">&raquo;<\/span><\/a><\/p>\n","protected":false},"author":66,"featured_media":10227,"comment_status":"closed","ping_status":"open","sticky":false,"template":"","format":"standard","meta":{"_acf_changed":false,"footnotes":""},"categories":[31],"tags":[],"class_list":["post-9745","post","type-post","status-publish","format-standard","has-post-thumbnail","hentry","category-vilande"],"acf":[],"_links":{"self":[{"href":"https:\/\/www.djurskyddet.se\/flyingebygden\/wp-json\/wp\/v2\/posts\/9745","targetHints":{"allow":["GET"]}}],"collection":[{"href":"https:\/\/www.djurskyddet.se\/flyingebygden\/wp-json\/wp\/v2\/posts"}],"about":[{"href":"https:\/\/www.djurskyddet.se\/flyingebygden\/wp-json\/wp\/v2\/types\/post"}],"author":[{"embeddable":true,"href":"https:\/\/www.djurskyddet.se\/flyingebygden\/wp-json\/wp\/v2\/users\/66"}],"replies":[{"embeddable":true,"href":"https:\/\/www.djurskyddet.se\/flyingebygden\/wp-json\/wp\/v2\/comments?post=9745"}],"version-history":[{"count":25,"href":"https:\/\/www.djurskyddet.se\/flyingebygden\/wp-json\/wp\/v2\/posts\/9745\/revisions"}],"predecessor-version":[{"id":10606,"href":"https:\/\/www.djurskyddet.se\/flyingebygden\/wp-json\/wp\/v2\/posts\/9745\/revisions\/10606"}],"wp:featuredmedia":[{"embeddable":true,"href":"https:\/\/www.djurskyddet.se\/flyingebygden\/wp-json\/wp\/v2\/media\/10227"}],"wp:attachment":[{"href":"https:\/\/www.djurskyddet.se\/flyingebygden\/wp-json\/wp\/v2\/media?parent=9745"}],"wp:term":[{"taxonomy":"category","embeddable":true,"href":"https:\/\/www.djurskyddet.se\/flyingebygden\/wp-json\/wp\/v2\/categories?post=9745"},{"taxonomy":"post_tag","embeddable":true,"href":"https:\/\/www.djurskyddet.se\/flyingebygden\/wp-json\/wp\/v2\/tags?post=9745"}],"curies":[{"name":"wp","href":"https:\/\/api.w.org\/{rel}","templated":true}]}}