{"id":9793,"date":"2023-08-05T09:41:00","date_gmt":"2023-08-05T09:41:00","guid":{"rendered":"https:\/\/www.djurskyddet.se\/flyingebygden\/?p=9793"},"modified":"2023-08-05T16:49:36","modified_gmt":"2023-08-05T16:49:36","slug":"tyra","status":"publish","type":"post","link":"https:\/\/www.djurskyddet.se\/flyingebygden\/djur-vi-hjalpt\/2023\/tyra\/","title":{"rendered":"Tyra"},"content":{"rendered":"\n<p><\/p>\n\n\n\n<p>Sn\u00e4lla, fina Tyra har nu flyttat till sitt sitt nya k\u00e4rleksfulla hem. Hon kommer att f\u00f6rbli innekatt i en l\u00e4genhet med stor inglasad balkong!<\/p>\n\n\n\n<p>Tyra \u00e4r en v\u00e4ldigt frisk och fin, n\u00e5got rund senior p\u00e5 13,5 \u00e5r som kom till oss d\u00e5 hennes tidigare \u00e4gare inte kunde ta hand hon henne tillfredst\u00e4llande pga allvarlig sjukdom. Hon \u00e4r en riktigt s\u00e4llskaplig dam med tjock, mysig p\u00e4ls som hon \u00e4lskar att f\u00e5 kammad. Tyra \u00e4r v\u00e4ldigt pigg och nyfiken och kommer g\u00e4rna och stryker sig mot sina m\u00e4nniskor. Hon \u00e4ven gillar att leka en hel del (se filmen l\u00e4ngre ner p\u00e5 sidan).<\/p>\n\n\n\n<p>Tyra har varit innekatt i hela sitt liv och b\u00f6r forts\u00e4tta att vara det, men g\u00e4rna med bra m\u00f6jligheter att kunna f\u00f6lja vad som h\u00e4nder utanf\u00f6r f\u00f6nstret. Hon \u00e4r inte van vid andra djur och trivs troligen b\u00e4st som ensamkatt.<\/p>\n\n\n\n<figure class=\"wp-block-image size-full\"><img loading=\"lazy\" decoding=\"async\" width=\"1024\" height=\"788\" src=\"https:\/\/www.djurskyddet.se\/flyingebygden\/wp-content\/uploads\/sites\/53\/2023\/05\/tyra4.jpeg\" alt=\"\" class=\"wp-image-9892\" srcset=\"https:\/\/www.djurskyddet.se\/flyingebygden\/wp-content\/uploads\/sites\/53\/2023\/05\/tyra4.jpeg 1024w, https:\/\/www.djurskyddet.se\/flyingebygden\/wp-content\/uploads\/sites\/53\/2023\/05\/tyra4-300x231.jpeg 300w, https:\/\/www.djurskyddet.se\/flyingebygden\/wp-content\/uploads\/sites\/53\/2023\/05\/tyra4-768x591.jpeg 768w, https:\/\/www.djurskyddet.se\/flyingebygden\/wp-content\/uploads\/sites\/53\/2023\/05\/tyra4-400x308.jpeg 400w\" sizes=\"auto, (max-width: 1024px) 100vw, 1024px\" \/><\/figure>\n","protected":false},"excerpt":{"rendered":"<p>Sn\u00e4lla, fina Tyra har nu flyttat till sitt sitt nya k\u00e4rleksfulla hem. Hon kommer att f\u00f6rbli innekatt i en l\u00e4genhet med stor inglasad balkong! Tyra \u00e4r en v\u00e4ldigt frisk och fin, n\u00e5got rund senior p\u00e5 13,5 \u00e5r som kom till oss d\u00e5 hennes tidigare \u00e4gare inte kunde ta hand hon henne tillfredst\u00e4llande pga allvarlig sjukdom. Hon \u00e4r en riktigt s\u00e4llskaplig dam med tjock, mysig p\u00e4ls som hon \u00e4lskar att f\u00e5&hellip;<\/p>\n<p><a class=\"more-link\" href=\"https:\/\/www.djurskyddet.se\/flyingebygden\/djur-vi-hjalpt\/2023\/tyra\/\" title=\"Continue reading &lsquo;Tyra&rsquo;\">L&auml;s mer<span class=\"meta-nav\">&raquo;<\/span><\/a><\/p>\n","protected":false},"author":66,"featured_media":9892,"comment_status":"closed","ping_status":"open","sticky":false,"template":"","format":"standard","meta":{"_acf_changed":false,"footnotes":""},"categories":[29],"tags":[],"class_list":["post-9793","post","type-post","status-publish","format-standard","has-post-thumbnail","hentry","category-29"],"acf":[],"_links":{"self":[{"href":"https:\/\/www.djurskyddet.se\/flyingebygden\/wp-json\/wp\/v2\/posts\/9793","targetHints":{"allow":["GET"]}}],"collection":[{"href":"https:\/\/www.djurskyddet.se\/flyingebygden\/wp-json\/wp\/v2\/posts"}],"about":[{"href":"https:\/\/www.djurskyddet.se\/flyingebygden\/wp-json\/wp\/v2\/types\/post"}],"author":[{"embeddable":true,"href":"https:\/\/www.djurskyddet.se\/flyingebygden\/wp-json\/wp\/v2\/users\/66"}],"replies":[{"embeddable":true,"href":"https:\/\/www.djurskyddet.se\/flyingebygden\/wp-json\/wp\/v2\/comments?post=9793"}],"version-history":[{"count":18,"href":"https:\/\/www.djurskyddet.se\/flyingebygden\/wp-json\/wp\/v2\/posts\/9793\/revisions"}],"predecessor-version":[{"id":10265,"href":"https:\/\/www.djurskyddet.se\/flyingebygden\/wp-json\/wp\/v2\/posts\/9793\/revisions\/10265"}],"wp:featuredmedia":[{"embeddable":true,"href":"https:\/\/www.djurskyddet.se\/flyingebygden\/wp-json\/wp\/v2\/media\/9892"}],"wp:attachment":[{"href":"https:\/\/www.djurskyddet.se\/flyingebygden\/wp-json\/wp\/v2\/media?parent=9793"}],"wp:term":[{"taxonomy":"category","embeddable":true,"href":"https:\/\/www.djurskyddet.se\/flyingebygden\/wp-json\/wp\/v2\/categories?post=9793"},{"taxonomy":"post_tag","embeddable":true,"href":"https:\/\/www.djurskyddet.se\/flyingebygden\/wp-json\/wp\/v2\/tags?post=9793"}],"curies":[{"name":"wp","href":"https:\/\/api.w.org\/{rel}","templated":true}]}}