{"id":9953,"date":"2023-11-26T06:26:00","date_gmt":"2023-11-26T06:26:00","guid":{"rendered":"https:\/\/www.djurskyddet.se\/flyingebygden\/?p=9953"},"modified":"2023-11-27T17:11:44","modified_gmt":"2023-11-27T17:11:44","slug":"asta","status":"publish","type":"post","link":"https:\/\/www.djurskyddet.se\/flyingebygden\/djur-vi-hjalpt\/2023\/asta\/","title":{"rendered":"Asta"},"content":{"rendered":"\n<p>Nu har \u00e4ven fantastiska Asta f\u00e5tt flytta till sitt efterl\u00e4ngtade k\u00e4rleksfulla f\u00f6r-alltid-hem! ?<\/p>\n\n\n\n<p>Asta har en alldeles speciell plats i v\u00e5ra hj\u00e4rtan! Hon \u00e4r den f\u00f6rsta katten vi tog emot i v\u00e5r f\u00f6rening f\u00f6r ganska exakt ett \u00e5r sedan. D\u00e5 var hon heml\u00f6s med fem nyf\u00f6dda kattungar. D\u00e4refter har hon varit i ett hem som valde att l\u00e4mna tillbaka henne till oss. Under v\u00e5ren har hon varit tingad men k\u00f6paren drog sig ur.<\/p>\n\n\n\n<p>Asta \u00e4r den perfekta kompisen f\u00f6r dig som bor p\u00e5 landet och b\u00e5de vill ha s\u00e4llskap med mys och en effektiv musj\u00e4gare. Asta tycker om att vara ute och str\u00f6va omkring sitt jourhem men vill komma in ofta och kolla s\u00e5 att hon fortfarande \u00e4r v\u00e4lkommen och f\u00e5 kel och lite mat. Hon \u00e4r v\u00e4ldigt tillgiven n\u00e4r man l\u00e4rt k\u00e4nna henne och d\u00e5 st\u00e5ngas och stryker hon sig tills man lyfter upp henne och kelar med henne.<\/p>\n\n\n\n<figure class=\"wp-block-image size-full\"><img loading=\"lazy\" decoding=\"async\" width=\"600\" height=\"800\" src=\"https:\/\/www.djurskyddet.se\/flyingebygden\/wp-content\/uploads\/sites\/53\/2023\/06\/Asta6.jpeg\" alt=\"\" class=\"wp-image-10575\" srcset=\"https:\/\/www.djurskyddet.se\/flyingebygden\/wp-content\/uploads\/sites\/53\/2023\/06\/Asta6.jpeg 600w, https:\/\/www.djurskyddet.se\/flyingebygden\/wp-content\/uploads\/sites\/53\/2023\/06\/Asta6-225x300.jpeg 225w, https:\/\/www.djurskyddet.se\/flyingebygden\/wp-content\/uploads\/sites\/53\/2023\/06\/Asta6-400x533.jpeg 400w\" sizes=\"auto, (max-width: 600px) 100vw, 600px\" \/><\/figure>\n","protected":false},"excerpt":{"rendered":"<p>Nu har \u00e4ven fantastiska Asta f\u00e5tt flytta till sitt efterl\u00e4ngtade k\u00e4rleksfulla f\u00f6r-alltid-hem! ? Asta har en alldeles speciell plats i v\u00e5ra hj\u00e4rtan! Hon \u00e4r den f\u00f6rsta katten vi tog emot i v\u00e5r f\u00f6rening f\u00f6r ganska exakt ett \u00e5r sedan. D\u00e5 var hon heml\u00f6s med fem nyf\u00f6dda kattungar. D\u00e4refter har hon varit i ett hem som valde att l\u00e4mna tillbaka henne till oss. Under v\u00e5ren har hon varit tingad men k\u00f6paren&hellip;<\/p>\n<p><a class=\"more-link\" href=\"https:\/\/www.djurskyddet.se\/flyingebygden\/djur-vi-hjalpt\/2023\/asta\/\" title=\"Continue reading &lsquo;Asta&rsquo;\">L&auml;s mer<span class=\"meta-nav\">&raquo;<\/span><\/a><\/p>\n","protected":false},"author":66,"featured_media":10575,"comment_status":"closed","ping_status":"open","sticky":false,"template":"","format":"standard","meta":{"_acf_changed":false,"footnotes":""},"categories":[29],"tags":[],"class_list":["post-9953","post","type-post","status-publish","format-standard","has-post-thumbnail","hentry","category-29"],"acf":[],"_links":{"self":[{"href":"https:\/\/www.djurskyddet.se\/flyingebygden\/wp-json\/wp\/v2\/posts\/9953","targetHints":{"allow":["GET"]}}],"collection":[{"href":"https:\/\/www.djurskyddet.se\/flyingebygden\/wp-json\/wp\/v2\/posts"}],"about":[{"href":"https:\/\/www.djurskyddet.se\/flyingebygden\/wp-json\/wp\/v2\/types\/post"}],"author":[{"embeddable":true,"href":"https:\/\/www.djurskyddet.se\/flyingebygden\/wp-json\/wp\/v2\/users\/66"}],"replies":[{"embeddable":true,"href":"https:\/\/www.djurskyddet.se\/flyingebygden\/wp-json\/wp\/v2\/comments?post=9953"}],"version-history":[{"count":16,"href":"https:\/\/www.djurskyddet.se\/flyingebygden\/wp-json\/wp\/v2\/posts\/9953\/revisions"}],"predecessor-version":[{"id":10787,"href":"https:\/\/www.djurskyddet.se\/flyingebygden\/wp-json\/wp\/v2\/posts\/9953\/revisions\/10787"}],"wp:featuredmedia":[{"embeddable":true,"href":"https:\/\/www.djurskyddet.se\/flyingebygden\/wp-json\/wp\/v2\/media\/10575"}],"wp:attachment":[{"href":"https:\/\/www.djurskyddet.se\/flyingebygden\/wp-json\/wp\/v2\/media?parent=9953"}],"wp:term":[{"taxonomy":"category","embeddable":true,"href":"https:\/\/www.djurskyddet.se\/flyingebygden\/wp-json\/wp\/v2\/categories?post=9953"},{"taxonomy":"post_tag","embeddable":true,"href":"https:\/\/www.djurskyddet.se\/flyingebygden\/wp-json\/wp\/v2\/tags?post=9953"}],"curies":[{"name":"wp","href":"https:\/\/api.w.org\/{rel}","templated":true}]}}