{"id":11554,"date":"2026-03-17T19:02:29","date_gmt":"2026-03-17T18:02:29","guid":{"rendered":"https:\/\/www.djurskyddet.se\/jamtland\/?p=11554"},"modified":"2026-04-26T19:57:02","modified_gmt":"2026-04-26T18:57:02","slug":"hera","status":"publish","type":"post","link":"https:\/\/www.djurskyddet.se\/jamtland\/soker-hem\/hera\/","title":{"rendered":"Hera"},"content":{"rendered":"\n<p><strong>Hera har haft en sv\u00e5r start i livet innan hon kom till katthemmet, och det har satt sina sp\u00e5r. Hon \u00e4r en f\u00f6rsiktig och lite skygg katt som \u00e4nnu inte k\u00e4nner sig helt trygg i v\u00e4rlden.<\/strong><\/p>\n\n\n\n<p>D\u00e4rf\u00f6r beh\u00f6ver Hera ett hem hos n\u00e5gon som verkligen f\u00f6rst\u00e5r vad det inneb\u00e4r att ta hand om en skygg katt. Hon beh\u00f6ver tid, t\u00e5lamod och ett lugnt engagemang \u2013 n\u00e5gon som kan m\u00f6ta henne d\u00e4r hon \u00e4r och l\u00e5ta henne ta sm\u00e5 steg fram\u00e5t i sin egen takt. Med r\u00e4tt f\u00f6ruts\u00e4ttningar finns alla m\u00f6jligheter f\u00f6r Hera att blomma ut och bli en tryggare och mer social katt, men det m\u00e5ste f\u00e5 ske p\u00e5 hennes villkor.<\/p>\n\n\n\n<p><strong>Praktisk information<\/strong><br>\u2714\ufe0f Rumsren och anv\u00e4nder l\u00e5da utan problem<br>\u2714\ufe0f Kastrerad och chipm\u00e4rkt<br>\u2714\ufe0f Vaccinerad och avmaskad<br>\u2714\ufe0f F\u00f6rs\u00e4krad i Agria<\/p>\n\n\n\n<p>Kan Hera vara katten f\u00f6r dig? L\u00e4s igenom villkoren och l\u00e4mna g\u00e4rna en intresseanm\u00e4lan.<\/p>\n\n\n\n<p><a href=\"https:\/\/www.djurskyddet.se\/jamtland\/adoption\/pris-och-villkor\/\">Pris &amp; Villkor<\/a><br><a href=\"https:\/\/www.djurskyddet.se\/jamtland\/kontakta-oss\/\">Kontaktuppgifter<\/a><\/p>\n","protected":false},"excerpt":{"rendered":"<p>Hera har haft en sv\u00e5r start i livet innan hon kom till katthemmet, och det har satt sina sp\u00e5r. Hon \u00e4r en f\u00f6rsiktig och lite skygg katt som \u00e4nnu inte k\u00e4nner sig helt trygg i v\u00e4rlden. D\u00e4rf\u00f6r beh\u00f6ver Hera ett hem hos n\u00e5gon som verkligen f\u00f6rst\u00e5r vad det inneb\u00e4r att ta hand om en skygg katt. Hon beh\u00f6ver tid, t\u00e5lamod och ett lugnt engagemang \u2013 n\u00e5gon som kan m\u00f6ta henne&hellip;<\/p>\n<p><a class=\"more-link\" href=\"https:\/\/www.djurskyddet.se\/jamtland\/soker-hem\/hera\/\" title=\"Continue reading &lsquo;Hera&rsquo;\">L&auml;s mer<span class=\"meta-nav\">&raquo;<\/span><\/a><\/p>\n","protected":false},"author":15,"featured_media":12340,"comment_status":"closed","ping_status":"open","sticky":false,"template":"","format":"standard","meta":{"_acf_changed":false,"footnotes":""},"categories":[45,19],"tags":[],"class_list":["post-11554","post","type-post","status-publish","format-standard","has-post-thumbnail","hentry","category-skyggare-katter","category-soker-hem"],"acf":[],"_links":{"self":[{"href":"https:\/\/www.djurskyddet.se\/jamtland\/wp-json\/wp\/v2\/posts\/11554","targetHints":{"allow":["GET"]}}],"collection":[{"href":"https:\/\/www.djurskyddet.se\/jamtland\/wp-json\/wp\/v2\/posts"}],"about":[{"href":"https:\/\/www.djurskyddet.se\/jamtland\/wp-json\/wp\/v2\/types\/post"}],"author":[{"embeddable":true,"href":"https:\/\/www.djurskyddet.se\/jamtland\/wp-json\/wp\/v2\/users\/15"}],"replies":[{"embeddable":true,"href":"https:\/\/www.djurskyddet.se\/jamtland\/wp-json\/wp\/v2\/comments?post=11554"}],"version-history":[{"count":4,"href":"https:\/\/www.djurskyddet.se\/jamtland\/wp-json\/wp\/v2\/posts\/11554\/revisions"}],"predecessor-version":[{"id":12804,"href":"https:\/\/www.djurskyddet.se\/jamtland\/wp-json\/wp\/v2\/posts\/11554\/revisions\/12804"}],"wp:featuredmedia":[{"embeddable":true,"href":"https:\/\/www.djurskyddet.se\/jamtland\/wp-json\/wp\/v2\/media\/12340"}],"wp:attachment":[{"href":"https:\/\/www.djurskyddet.se\/jamtland\/wp-json\/wp\/v2\/media?parent=11554"}],"wp:term":[{"taxonomy":"category","embeddable":true,"href":"https:\/\/www.djurskyddet.se\/jamtland\/wp-json\/wp\/v2\/categories?post=11554"},{"taxonomy":"post_tag","embeddable":true,"href":"https:\/\/www.djurskyddet.se\/jamtland\/wp-json\/wp\/v2\/tags?post=11554"}],"curies":[{"name":"wp","href":"https:\/\/api.w.org\/{rel}","templated":true}]}}