{"id":12686,"date":"2026-03-25T21:51:54","date_gmt":"2026-03-25T20:51:54","guid":{"rendered":"https:\/\/www.djurskyddet.se\/jamtland\/?p=12686"},"modified":"2026-04-26T19:56:49","modified_gmt":"2026-04-26T18:56:49","slug":"selma-vilda","status":"publish","type":"post","link":"https:\/\/www.djurskyddet.se\/jamtland\/senaste-nytt\/selma-vilda\/","title":{"rendered":"Selma &amp; Vilda"},"content":{"rendered":"\n<p class=\"has-large-font-size\"><strong>Ett oskiljaktigt radarpar s\u00f6ker sitt f\u00f6r-alltid-hem!<\/strong><\/p>\n\n\n\n<p>Selma (semil\u00e5ngh\u00e5rig) och Vilda (korth\u00e5rig) kom till Djurskyddet via en akut omplacering och bor just nu hos en volont\u00e4r. Det finns m\u00f6jlighet att tr\u00e4ffa dem i hemmilj\u00f6.<\/p>\n\n\n\n<p>De har h\u00e4ngt ihop sedan de var sm\u00e5 (4\u20135 m\u00e5nader) och \u00e4r ett riktigt radarpar \u2013 d\u00e4rf\u00f6r s\u00f6ker de ett gemensamt hem d\u00e4r de f\u00e5r forts\u00e4tta vara tillsammans.<\/p>\n\n\n\n<p>B\u00e5da katterna \u00e4r sn\u00e4lla, nyfikna och sociala \u2013 men med lite olika personlighet. <strong>Selma<\/strong> \u00e4r den fram\u00e5t av de tv\u00e5 och f\u00f6ljer g\u00e4rna efter dig som en liten skugga. Hon \u00e4lskar n\u00e4rhet och att bli borstad. <strong>Vilda<\/strong> \u00e4r lite mer f\u00f6rsiktig i b\u00f6rjan, men blommar snabbt ut n\u00e4r hon k\u00e4nner sig trygg. Och ja \u2013 lockar du med Dreamies s\u00e5 \u00e4r du snabbt hennes favoritm\u00e4nniska.<\/p>\n\n\n\n<p>De \u00e4r trygga med hantering, g\u00e5r fint att lyfta och trivs i s\u00e4llskap. Framf\u00f6r allt tycker de om att vara n\u00e4ra sina m\u00e4nniskor \u2013 och varandra.<\/p>\n\n\n\n<p><strong>Selma och Vilda \u00e4r vana innekatter och vill forts\u00e4tta leva s\u00e5.<\/strong> De kan passa i m\u00e5nga olika typer av hem \u2013 hos en person, ett par eller en familj. Det viktigaste \u00e4r att de f\u00e5r n\u00e4rhet och s\u00e4llskap samt m\u00f6jlighet att r\u00f6ra sig fritt (de \u00e4r lite tr\u00f6tta p\u00e5 att bo i ett enskilt g\u00e4strum).<\/p>\n\n\n\n<p><strong>Praktisk information<\/strong><br>\u2714\ufe0f Rumsrena och anv\u00e4nder l\u00e5da utan problem<br>\u2714\ufe0f Kastrerade och chipm\u00e4rkta<br>\u2714\ufe0f Vaccinerade och avmaskade<br>\u2714\ufe0f F\u00f6rs\u00e4krade i Agria<\/p>\n\n\n\n<p><em>De \u00e4r nyfikna p\u00e5 andra katter och kan eventuellt fungera i ett hem med kattkompisar, men deras starka band till varandra g\u00f6r att de ocks\u00e5 trivs utm\u00e4rkt som duo.<\/em><\/p>\n\n\n\n<p>Kan Selma och Vilda vara katterna f\u00f6r dig? L\u00e4s igenom villkoren och l\u00e4mna g\u00e4rna en intresseanm\u00e4lan.<\/p>\n\n\n\n<p><a href=\"https:\/\/www.djurskyddet.se\/jamtland\/adoption\/pris-och-villkor\/\">Pris &amp; Villkor<\/a><br><a href=\"https:\/\/www.djurskyddet.se\/jamtland\/kontakta-oss\/\">Kontaktuppgifter<\/a><\/p>\n","protected":false},"excerpt":{"rendered":"<p>Ett oskiljaktigt radarpar s\u00f6ker sitt f\u00f6r-alltid-hem! Selma (semil\u00e5ngh\u00e5rig) och Vilda (korth\u00e5rig) kom till Djurskyddet via en akut omplacering och bor just nu hos en volont\u00e4r. Det finns m\u00f6jlighet att tr\u00e4ffa dem i hemmilj\u00f6. De har h\u00e4ngt ihop sedan de var sm\u00e5 (4\u20135 m\u00e5nader) och \u00e4r ett riktigt radarpar \u2013 d\u00e4rf\u00f6r s\u00f6ker de ett gemensamt hem d\u00e4r de f\u00e5r forts\u00e4tta vara tillsammans. B\u00e5da katterna \u00e4r sn\u00e4lla, nyfikna och sociala \u2013 men&hellip;<\/p>\n<p><a class=\"more-link\" href=\"https:\/\/www.djurskyddet.se\/jamtland\/senaste-nytt\/selma-vilda\/\" title=\"Continue reading &lsquo;Selma &amp; Vilda&rsquo;\">L&auml;s mer<span class=\"meta-nav\">&raquo;<\/span><\/a><\/p>\n","protected":false},"author":15,"featured_media":12791,"comment_status":"closed","ping_status":"open","sticky":false,"template":"","format":"standard","meta":{"_acf_changed":false,"footnotes":""},"categories":[18,19],"tags":[],"class_list":["post-12686","post","type-post","status-publish","format-standard","has-post-thumbnail","hentry","category-senaste-nytt","category-soker-hem"],"acf":[],"_links":{"self":[{"href":"https:\/\/www.djurskyddet.se\/jamtland\/wp-json\/wp\/v2\/posts\/12686","targetHints":{"allow":["GET"]}}],"collection":[{"href":"https:\/\/www.djurskyddet.se\/jamtland\/wp-json\/wp\/v2\/posts"}],"about":[{"href":"https:\/\/www.djurskyddet.se\/jamtland\/wp-json\/wp\/v2\/types\/post"}],"author":[{"embeddable":true,"href":"https:\/\/www.djurskyddet.se\/jamtland\/wp-json\/wp\/v2\/users\/15"}],"replies":[{"embeddable":true,"href":"https:\/\/www.djurskyddet.se\/jamtland\/wp-json\/wp\/v2\/comments?post=12686"}],"version-history":[{"count":6,"href":"https:\/\/www.djurskyddet.se\/jamtland\/wp-json\/wp\/v2\/posts\/12686\/revisions"}],"predecessor-version":[{"id":12803,"href":"https:\/\/www.djurskyddet.se\/jamtland\/wp-json\/wp\/v2\/posts\/12686\/revisions\/12803"}],"wp:featuredmedia":[{"embeddable":true,"href":"https:\/\/www.djurskyddet.se\/jamtland\/wp-json\/wp\/v2\/media\/12791"}],"wp:attachment":[{"href":"https:\/\/www.djurskyddet.se\/jamtland\/wp-json\/wp\/v2\/media?parent=12686"}],"wp:term":[{"taxonomy":"category","embeddable":true,"href":"https:\/\/www.djurskyddet.se\/jamtland\/wp-json\/wp\/v2\/categories?post=12686"},{"taxonomy":"post_tag","embeddable":true,"href":"https:\/\/www.djurskyddet.se\/jamtland\/wp-json\/wp\/v2\/tags?post=12686"}],"curies":[{"name":"wp","href":"https:\/\/api.w.org\/{rel}","templated":true}]}}