{"id":12734,"date":"2026-04-25T22:56:22","date_gmt":"2026-04-25T21:56:22","guid":{"rendered":"https:\/\/www.djurskyddet.se\/jamtland\/?p=12734"},"modified":"2026-04-26T19:55:04","modified_gmt":"2026-04-26T18:55:04","slug":"kompis","status":"publish","type":"post","link":"https:\/\/www.djurskyddet.se\/jamtland\/senaste-nytt\/kompis\/","title":{"rendered":"Kompis"},"content":{"rendered":"\n<p><strong>Kompis s\u00f6ker sitt alldeles egna hem \ud83d\udc3e<\/strong><\/p>\n\n\n\n<p>F\u00e5r vi presentera Kompis \u2013 en ung liten kille med ett hj\u00e4rta som \u00e4r minst sagt stort. Och ja, namnet st\u00e4mmer verkligen: Kompis \u00e4r allas kompis. Han m\u00f6ter varje m\u00e4nniska med nyfikenhet, v\u00e4rme och en sj\u00e4lvklar \u00f6vertygelse om att livet blir b\u00e4st tillsammans.<\/p>\n\n\n\n<p>Det b\u00e4sta Kompis vet \u00e4r n\u00e4rhet. Han s\u00f6ker sig g\u00e4rna till dig f\u00f6r att gosa, buffa och bara f\u00e5 vara n\u00e4ra. Det \u00e4r som att han inte riktigt f\u00f6rst\u00e5r varf\u00f6r man n\u00e5gonsin skulle vilja vara ensam \u2013 och \u00e4rligt talat, n\u00e4r man tr\u00e4ffar honom b\u00f6rjar man h\u00e5lla med.<\/p>\n\n\n\n<p>Kompis kom till katthemmet tillsammans med sin mamma, men nu \u00e4r han redo att flytta hemifr\u00e5n och st\u00e5 p\u00e5 egna tassar. Han dr\u00f6mmer om ett hem d\u00e4r han f\u00e5r forts\u00e4tta vara den trygga, k\u00e4rleksfulla och sociala katt han \u00e4r.<\/p>\n\n\n\n<p>Eftersom Kompis \u00e4lskar s\u00e4llskap tror vi att han skulle m\u00e5 allra b\u00e4st med en kattkompis i sitt nya hem \u2013 n\u00e5gon att leka med, vila tillsammans med och dela vardagen med. Han \u00e4r anpassningsbar och passar fint i m\u00e5nga olika familjer: hos en ensam matte eller husse, i en barnfamilj eller hos n\u00e5gon lite \u00e4ldre som vill ha troget s\u00e4llskap.<\/p>\n\n\n\n<p>Kompis \u00e4r van vid att leva som innekatt och ska forts\u00e4tta g\u00f6ra det i sitt nya hem.<\/p>\n\n\n\n<p>Kort sagt \u2013 s\u00f6ker du en katt som verkligen vill vara din v\u00e4n, p\u00e5 riktigt? D\u00e5 \u00e4r Kompis precis den du letar efter \ud83d\udc9b<\/p>\n\n\n\n<p>Praktisk information<br>\u2714\ufe0f Rumsren och anv\u00e4nder l\u00e5da utan problem<br>\u274c \u00c4nnu inte kastrerad eller chipm\u00e4rkt<br>\u274c \u00c4nnu inte fullt vaccinerad eller avmaskad<br>\u2714\ufe0f F\u00f6rs\u00e4krad i Agria<\/p>\n\n\n\n<p><\/p>\n\n\n\n<figure class=\"wp-block-image size-full is-resized\"><img loading=\"lazy\" decoding=\"async\" width=\"768\" height=\"1024\" src=\"https:\/\/www.djurskyddet.se\/jamtland\/wp-content\/uploads\/sites\/14\/2026\/04\/PXL_20260425_134817262.jpg\" alt=\"\" class=\"wp-image-12736\" style=\"width:445px;height:auto\" srcset=\"https:\/\/www.djurskyddet.se\/jamtland\/wp-content\/uploads\/sites\/14\/2026\/04\/PXL_20260425_134817262.jpg 768w, https:\/\/www.djurskyddet.se\/jamtland\/wp-content\/uploads\/sites\/14\/2026\/04\/PXL_20260425_134817262-225x300.jpg 225w, https:\/\/www.djurskyddet.se\/jamtland\/wp-content\/uploads\/sites\/14\/2026\/04\/PXL_20260425_134817262-400x533.jpg 400w\" sizes=\"auto, (max-width: 768px) 100vw, 768px\" \/><\/figure>\n\n\n\n<p>Kan Kompis vara katten f\u00f6r dig? L\u00e4s igenom villkoren och l\u00e4mna g\u00e4rna en intresseanm\u00e4lan.<\/p>\n\n\n\n<p><a href=\"https:\/\/www.djurskyddet.se\/jamtland\/adoption\/pris-och-villkor\/\">Pris &amp; Villkor<\/a><br><a href=\"https:\/\/www.djurskyddet.se\/jamtland\/kontakta-oss\/\">Kontaktuppgifter<\/a><\/p>\n","protected":false},"excerpt":{"rendered":"<p>Kompis s\u00f6ker sitt alldeles egna hem \ud83d\udc3e F\u00e5r vi presentera Kompis \u2013 en ung liten kille med ett hj\u00e4rta som \u00e4r minst sagt stort. Och ja, namnet st\u00e4mmer verkligen: Kompis \u00e4r allas kompis. Han m\u00f6ter varje m\u00e4nniska med nyfikenhet, v\u00e4rme och en sj\u00e4lvklar \u00f6vertygelse om att livet blir b\u00e4st tillsammans. Det b\u00e4sta Kompis vet \u00e4r n\u00e4rhet. Han s\u00f6ker sig g\u00e4rna till dig f\u00f6r att gosa, buffa och bara f\u00e5 vara&hellip;<\/p>\n<p><a class=\"more-link\" href=\"https:\/\/www.djurskyddet.se\/jamtland\/senaste-nytt\/kompis\/\" title=\"Continue reading &lsquo;Kompis&rsquo;\">L&auml;s mer<span class=\"meta-nav\">&raquo;<\/span><\/a><\/p>\n","protected":false},"author":15,"featured_media":12735,"comment_status":"closed","ping_status":"open","sticky":false,"template":"","format":"standard","meta":{"_acf_changed":false,"footnotes":""},"categories":[18,19],"tags":[],"class_list":["post-12734","post","type-post","status-publish","format-standard","has-post-thumbnail","hentry","category-senaste-nytt","category-soker-hem"],"acf":[],"_links":{"self":[{"href":"https:\/\/www.djurskyddet.se\/jamtland\/wp-json\/wp\/v2\/posts\/12734","targetHints":{"allow":["GET"]}}],"collection":[{"href":"https:\/\/www.djurskyddet.se\/jamtland\/wp-json\/wp\/v2\/posts"}],"about":[{"href":"https:\/\/www.djurskyddet.se\/jamtland\/wp-json\/wp\/v2\/types\/post"}],"author":[{"embeddable":true,"href":"https:\/\/www.djurskyddet.se\/jamtland\/wp-json\/wp\/v2\/users\/15"}],"replies":[{"embeddable":true,"href":"https:\/\/www.djurskyddet.se\/jamtland\/wp-json\/wp\/v2\/comments?post=12734"}],"version-history":[{"count":5,"href":"https:\/\/www.djurskyddet.se\/jamtland\/wp-json\/wp\/v2\/posts\/12734\/revisions"}],"predecessor-version":[{"id":12798,"href":"https:\/\/www.djurskyddet.se\/jamtland\/wp-json\/wp\/v2\/posts\/12734\/revisions\/12798"}],"wp:featuredmedia":[{"embeddable":true,"href":"https:\/\/www.djurskyddet.se\/jamtland\/wp-json\/wp\/v2\/media\/12735"}],"wp:attachment":[{"href":"https:\/\/www.djurskyddet.se\/jamtland\/wp-json\/wp\/v2\/media?parent=12734"}],"wp:term":[{"taxonomy":"category","embeddable":true,"href":"https:\/\/www.djurskyddet.se\/jamtland\/wp-json\/wp\/v2\/categories?post=12734"},{"taxonomy":"post_tag","embeddable":true,"href":"https:\/\/www.djurskyddet.se\/jamtland\/wp-json\/wp\/v2\/tags?post=12734"}],"curies":[{"name":"wp","href":"https:\/\/api.w.org\/{rel}","templated":true}]}}