{"id":12741,"date":"2026-04-25T23:21:10","date_gmt":"2026-04-25T22:21:10","guid":{"rendered":"https:\/\/www.djurskyddet.se\/jamtland\/?p=12741"},"modified":"2026-04-26T19:54:47","modified_gmt":"2026-04-26T18:54:47","slug":"skumnisse","status":"publish","type":"post","link":"https:\/\/www.djurskyddet.se\/jamtland\/senaste-nytt\/skumnisse\/","title":{"rendered":"Skumnisse"},"content":{"rendered":"\n<p><strong>Skumnisse s\u00f6ker sitt hem \u2013 och sin m\u00e4nniska \ud83d\udc3e<\/strong><\/p>\n\n\n\n<p>H\u00e4r har vi Skumnisse \u2013 en liten kille med en lite f\u00f6rsiktig start i livet, men med s\u00e5 mycket potential att blomma ut \ud83d\udc9b<\/p>\n\n\n\n<p>Han \u00e4r bror till Stj\u00e4rna och en del av den charmiga \u201cjul-kullen\u201d \u2013 f\u00f6dd i juli 2025 och d\u00f6pt efter julens alla sm\u00e5 figurer efter att familjen kom till J\u00e4mtland fr\u00e5n Sk\u00e5ne runt juletid.<\/p>\n\n\n\n<p>Skumnisse f\u00f6ddes utomhus, l\u00e5ngt fr\u00e5n m\u00e4nsklig n\u00e4rhet, och det m\u00e4rks att han fortfarande h\u00e5ller p\u00e5 att f\u00f6rst\u00e5 v\u00e4rlden vi m\u00e4nniskor lever i. Men \u2013 och det h\u00e4r \u00e4r viktigt \u2013 han har redan gjort en fantastisk resa. P\u00e5 katthemmet har han tagit stora steg fram\u00e5t, och varje dag blir han lite modigare, lite tryggare, lite mer nyfiken.<\/p>\n\n\n\n<p>Och kanske allra finast av allt: hans syskon som redan f\u00e5tt egna hem har snabbt blommat ut till sociala, lekfulla och gosiga katter. Det s\u00e4ger n\u00e5got om vad som finns i Skumnisse ocks\u00e5 \u2013 han beh\u00f6ver bara r\u00e4tt person som ger honom tid, t\u00e5lamod och trygghet.<\/p>\n\n\n\n<p>Skumnisse s\u00f6ker ett lugnare hem d\u00e4r han f\u00e5r utvecklas i sin egen takt. Ett hem som f\u00f6rst\u00e5r att relationen f\u00e5r v\u00e4xa fram steg f\u00f6r steg \u2013 men d\u00e4r bel\u00f6ningen blir n\u00e5got alldeles speciellt. Han skulle sannolikt trivas v\u00e4ldigt bra med en sn\u00e4ll kattkompis som kan visa v\u00e4gen och ge extra trygghet.<\/p>\n\n\n\n<p>Han \u00e4r sen flytten till J\u00e4mtland van vid att leva som innekatt och ska forts\u00e4tta g\u00f6ra det.<\/p>\n\n\n\n<p>S\u00e5\u2026 vill du vara den som ser Skumnisse f\u00f6r den han \u00e4r \u2013 inte bara idag, utan den katt han \u00e4r p\u00e5 v\u00e4g att bli? Den som ger honom chansen att blomma ut fullt ut?<\/p>\n\n\n\n<p>D\u00e5 v\u00e4ntar Skumnisse p\u00e5 dig \ud83d\udc31\u2728<\/p>\n\n\n\n<p><strong>Praktisk information<\/strong><br>\u2714\ufe0f Rumsren och anv\u00e4nder l\u00e5da utan problem<br>\u2714\ufe0f Kastrerad och chipm\u00e4rkt<br>\u2714\ufe0f Vaccinerad och avmaskad<br>\u2714\ufe0f F\u00f6rs\u00e4krad i Agria<\/p>\n\n\n\n<p>Kan Skumnisse vara katten f\u00f6r dig? L\u00e4s igenom villkoren och l\u00e4mna g\u00e4rna en intresseanm\u00e4lan.<\/p>\n\n\n\n<p><a href=\"https:\/\/www.djurskyddet.se\/jamtland\/adoption\/pris-och-villkor\/\">Pris &amp; Villkor<\/a><br><a href=\"https:\/\/www.djurskyddet.se\/jamtland\/kontakta-oss\/\">Kontaktuppgifter<\/a><\/p>\n","protected":false},"excerpt":{"rendered":"<p>Skumnisse s\u00f6ker sitt hem \u2013 och sin m\u00e4nniska \ud83d\udc3e H\u00e4r har vi Skumnisse \u2013 en liten kille med en lite f\u00f6rsiktig start i livet, men med s\u00e5 mycket potential att blomma ut \ud83d\udc9b Han \u00e4r bror till Stj\u00e4rna och en del av den charmiga \u201cjul-kullen\u201d \u2013 f\u00f6dd i juli 2025 och d\u00f6pt efter julens alla sm\u00e5 figurer efter att familjen kom till J\u00e4mtland fr\u00e5n Sk\u00e5ne runt juletid. Skumnisse f\u00f6ddes utomhus,&hellip;<\/p>\n<p><a class=\"more-link\" href=\"https:\/\/www.djurskyddet.se\/jamtland\/senaste-nytt\/skumnisse\/\" title=\"Continue reading &lsquo;Skumnisse&rsquo;\">L&auml;s mer<span class=\"meta-nav\">&raquo;<\/span><\/a><\/p>\n","protected":false},"author":15,"featured_media":12742,"comment_status":"closed","ping_status":"open","sticky":false,"template":"","format":"standard","meta":{"_acf_changed":false,"footnotes":""},"categories":[18,45,19],"tags":[],"class_list":["post-12741","post","type-post","status-publish","format-standard","has-post-thumbnail","hentry","category-senaste-nytt","category-skyggare-katter","category-soker-hem"],"acf":[],"_links":{"self":[{"href":"https:\/\/www.djurskyddet.se\/jamtland\/wp-json\/wp\/v2\/posts\/12741","targetHints":{"allow":["GET"]}}],"collection":[{"href":"https:\/\/www.djurskyddet.se\/jamtland\/wp-json\/wp\/v2\/posts"}],"about":[{"href":"https:\/\/www.djurskyddet.se\/jamtland\/wp-json\/wp\/v2\/types\/post"}],"author":[{"embeddable":true,"href":"https:\/\/www.djurskyddet.se\/jamtland\/wp-json\/wp\/v2\/users\/15"}],"replies":[{"embeddable":true,"href":"https:\/\/www.djurskyddet.se\/jamtland\/wp-json\/wp\/v2\/comments?post=12741"}],"version-history":[{"count":2,"href":"https:\/\/www.djurskyddet.se\/jamtland\/wp-json\/wp\/v2\/posts\/12741\/revisions"}],"predecessor-version":[{"id":12797,"href":"https:\/\/www.djurskyddet.se\/jamtland\/wp-json\/wp\/v2\/posts\/12741\/revisions\/12797"}],"wp:featuredmedia":[{"embeddable":true,"href":"https:\/\/www.djurskyddet.se\/jamtland\/wp-json\/wp\/v2\/media\/12742"}],"wp:attachment":[{"href":"https:\/\/www.djurskyddet.se\/jamtland\/wp-json\/wp\/v2\/media?parent=12741"}],"wp:term":[{"taxonomy":"category","embeddable":true,"href":"https:\/\/www.djurskyddet.se\/jamtland\/wp-json\/wp\/v2\/categories?post=12741"},{"taxonomy":"post_tag","embeddable":true,"href":"https:\/\/www.djurskyddet.se\/jamtland\/wp-json\/wp\/v2\/tags?post=12741"}],"curies":[{"name":"wp","href":"https:\/\/api.w.org\/{rel}","templated":true}]}}