{"id":12744,"date":"2026-04-25T23:26:12","date_gmt":"2026-04-25T22:26:12","guid":{"rendered":"https:\/\/www.djurskyddet.se\/jamtland\/?p=12744"},"modified":"2026-04-26T19:54:33","modified_gmt":"2026-04-26T18:54:33","slug":"stjarna","status":"publish","type":"post","link":"https:\/\/www.djurskyddet.se\/jamtland\/senaste-nytt\/stjarna\/","title":{"rendered":"Stj\u00e4rna"},"content":{"rendered":"\n<p><strong>Stj\u00e4rna \u2013 en liten sj\u00e4l som v\u00e4ntar p\u00e5 att f\u00e5 lysa \u2728\ud83d\udc3e<\/strong><\/p>\n\n\n\n<p>F\u00e5r vi presentera Stj\u00e4rna, Skumnisses syster och en del av den fina \u201cjul-kullen\u201d som kom till J\u00e4mtland fr\u00e5n Sk\u00e5ne runt juletid 2025. F\u00f6dd i juli samma \u00e5r, tillsammans med sina syskon, b\u00e4r hon sitt namn med en stillsam v\u00e4rdighet \u2013 som n\u00e5got vackert som \u00e4nnu inte riktigt v\u00e5gat ta plats fullt ut.<\/p>\n\n\n\n<p>Stj\u00e4rna fick en tuff start i livet. Hon f\u00f6ddes utomhus, utan n\u00e4rhet till m\u00e4nniskor, och b\u00e4r d\u00e4rf\u00f6r med sig en naturlig f\u00f6rsiktighet. Men bakom den d\u00e4r lite blyga blicken finns n\u00e5got v\u00e4ldigt fint. P\u00e5 katthemmet har hon gjort stora framsteg \u2013 sm\u00e5 steg f\u00f6r v\u00e4rlden, men enorma steg f\u00f6r en liten katt som h\u00e5ller p\u00e5 att l\u00e4ra sig att m\u00e4nniskor kan vara trygga.<\/p>\n\n\n\n<p>Det som ger extra hopp \u00e4r hennes syskon. De som redan flyttat till sina egna hem har snabbt vuxit till sociala, lekfulla och tillgivna katter. Det finns all anledning att tro att samma resa v\u00e4ntar Stj\u00e4rna \u2013 hon beh\u00f6ver bara f\u00e5 chansen.<\/p>\n\n\n\n<p>Stj\u00e4rna s\u00f6ker ett lugnt och tryggt hem d\u00e4r hon f\u00e5r utvecklas i sin egen takt, utan stress eller krav. Hon skulle m\u00e5 fint av en sn\u00e4ll kattkompis som kan visa henne hur livet som tamkatt fungerar, och som kan bli en trygg punkt i vardagen.<\/p>\n\n\n\n<p>Hon \u00e4r sen flytten till J\u00e4mtland van vid att leva som innekatt och ska forts\u00e4tta g\u00f6ra det.<\/p>\n\n\n\n<p>Att adoptera Stj\u00e4rna \u00e4r inte bara att ge ett hem \u2013 det \u00e4r att f\u00e5 vara med p\u00e5 en resa. Att se en f\u00f6rsiktig liten katt sakta \u00f6ppna upp, v\u00e5ga lita p\u00e5, v\u00e5ga leka\u2026 och till slut v\u00e5ga \u00e4lska.<\/p>\n\n\n\n<p>Vill du vara den som l\u00e5ter Stj\u00e4rna f\u00e5 lysa p\u00e5 riktigt? \ud83d\udc9b<\/p>\n\n\n\n<p><strong>Praktisk information<\/strong><br>\u2714\ufe0f Rumsren och anv\u00e4nder l\u00e5da utan problem<br>\u2714\ufe0f Kastrerad och chipm\u00e4rkt<br>\u2714\ufe0f Vaccinerad och avmaskad<br>\u2714\ufe0f F\u00f6rs\u00e4krad i Agria<\/p>\n\n\n\n<p>Kan Stj\u00e4rna vara katten f\u00f6r dig? L\u00e4s igenom villkoren och l\u00e4mna g\u00e4rna en intresseanm\u00e4lan.<\/p>\n\n\n\n<p><a href=\"https:\/\/www.djurskyddet.se\/jamtland\/adoption\/pris-och-villkor\/\">Pris &amp; Villkor<\/a><br><a href=\"https:\/\/www.djurskyddet.se\/jamtland\/kontakta-oss\/\">Kontaktuppgifter<\/a><\/p>\n","protected":false},"excerpt":{"rendered":"<p>Stj\u00e4rna \u2013 en liten sj\u00e4l som v\u00e4ntar p\u00e5 att f\u00e5 lysa \u2728\ud83d\udc3e F\u00e5r vi presentera Stj\u00e4rna, Skumnisses syster och en del av den fina \u201cjul-kullen\u201d som kom till J\u00e4mtland fr\u00e5n Sk\u00e5ne runt juletid 2025. F\u00f6dd i juli samma \u00e5r, tillsammans med sina syskon, b\u00e4r hon sitt namn med en stillsam v\u00e4rdighet \u2013 som n\u00e5got vackert som \u00e4nnu inte riktigt v\u00e5gat ta plats fullt ut. Stj\u00e4rna fick en tuff start i&hellip;<\/p>\n<p><a class=\"more-link\" href=\"https:\/\/www.djurskyddet.se\/jamtland\/senaste-nytt\/stjarna\/\" title=\"Continue reading &lsquo;Stj\u00e4rna&rsquo;\">L&auml;s mer<span class=\"meta-nav\">&raquo;<\/span><\/a><\/p>\n","protected":false},"author":15,"featured_media":12745,"comment_status":"closed","ping_status":"open","sticky":false,"template":"","format":"standard","meta":{"_acf_changed":false,"footnotes":""},"categories":[18,45,19],"tags":[],"class_list":["post-12744","post","type-post","status-publish","format-standard","has-post-thumbnail","hentry","category-senaste-nytt","category-skyggare-katter","category-soker-hem"],"acf":[],"_links":{"self":[{"href":"https:\/\/www.djurskyddet.se\/jamtland\/wp-json\/wp\/v2\/posts\/12744","targetHints":{"allow":["GET"]}}],"collection":[{"href":"https:\/\/www.djurskyddet.se\/jamtland\/wp-json\/wp\/v2\/posts"}],"about":[{"href":"https:\/\/www.djurskyddet.se\/jamtland\/wp-json\/wp\/v2\/types\/post"}],"author":[{"embeddable":true,"href":"https:\/\/www.djurskyddet.se\/jamtland\/wp-json\/wp\/v2\/users\/15"}],"replies":[{"embeddable":true,"href":"https:\/\/www.djurskyddet.se\/jamtland\/wp-json\/wp\/v2\/comments?post=12744"}],"version-history":[{"count":2,"href":"https:\/\/www.djurskyddet.se\/jamtland\/wp-json\/wp\/v2\/posts\/12744\/revisions"}],"predecessor-version":[{"id":12796,"href":"https:\/\/www.djurskyddet.se\/jamtland\/wp-json\/wp\/v2\/posts\/12744\/revisions\/12796"}],"wp:featuredmedia":[{"embeddable":true,"href":"https:\/\/www.djurskyddet.se\/jamtland\/wp-json\/wp\/v2\/media\/12745"}],"wp:attachment":[{"href":"https:\/\/www.djurskyddet.se\/jamtland\/wp-json\/wp\/v2\/media?parent=12744"}],"wp:term":[{"taxonomy":"category","embeddable":true,"href":"https:\/\/www.djurskyddet.se\/jamtland\/wp-json\/wp\/v2\/categories?post=12744"},{"taxonomy":"post_tag","embeddable":true,"href":"https:\/\/www.djurskyddet.se\/jamtland\/wp-json\/wp\/v2\/tags?post=12744"}],"curies":[{"name":"wp","href":"https:\/\/api.w.org\/{rel}","templated":true}]}}