{"id":12747,"date":"2026-04-25T23:46:43","date_gmt":"2026-04-25T22:46:43","guid":{"rendered":"https:\/\/www.djurskyddet.se\/jamtland\/?p=12747"},"modified":"2026-04-26T19:53:53","modified_gmt":"2026-04-26T18:53:53","slug":"admiral-von-schneider","status":"publish","type":"post","link":"https:\/\/www.djurskyddet.se\/jamtland\/senaste-nytt\/admiral-von-schneider\/","title":{"rendered":"A. von Schneider"},"content":{"rendered":"\n<p class=\"has-large-font-size\">\ud83c\udfc5<strong><mark style=\"background-color:#ffffff\" class=\"has-inline-color\">Admiral von Schneider<\/mark><\/strong><\/p>\n\n\n\n<p><strong>Admiral von Schneider \u2013 en stillsam beskyddare s\u00f6ker sin trygga hamn \u2693\ud83d\udc3e<\/strong><\/p>\n\n\n\n<p>Bakom det st\u00e5tliga namnet g\u00f6mmer sig en mjuk och eftert\u00e4nksam sj\u00e4l. Admiral von Schneider hittades i Valne (Alsens socken) tillsammans med sina yngre syskon och kom till katthemmet vid \u00e5rsskiftet 2026. Mycket av hans historia \u00e4r ok\u00e4nd, men vi tror att han \u00e4r lite \u00e4ldre \u00e4n de andra \u2013 <strong>troligen f\u00f6dd januari 2025.<\/strong><\/p>\n\n\n\n<p>Det som d\u00e4remot \u00e4r tydligt \u00e4r vilken roll han haft: Admiral von Schneider har varit en trygg punkt f\u00f6r sina yngre syskon. De s\u00f6ker sig g\u00e4rna n\u00e4ra honom, kryper ihop intill honom f\u00f6r v\u00e4rme och s\u00e4kerhet. Och han finns d\u00e4r \u2013 lugn, stadig, n\u00e4rvarande.<\/p>\n\n\n\n<p>Mot m\u00e4nniskor \u00e4r Admiral von Schneider fortfarande f\u00f6rsiktig. Han b\u00e4r p\u00e5 en blyghet som s\u00e4ger mer om vad han varit med om \u00e4n vem han egentligen \u00e4r. Han beh\u00f6ver tid, t\u00e5lamod och ett hem som f\u00f6rst\u00e5r att tillit inte kan skyndas fram \u2013 den m\u00e5ste f\u00e5 v\u00e4xa i sin egen takt.<\/p>\n\n\n\n<p>Vi s\u00f6ker d\u00e4rf\u00f6r ett lugnt och tryggt hem d\u00e4r Admiral von Schneider f\u00e5r landa ordentligt. Ett hem d\u00e4r sm\u00e5 framsteg f\u00e5r vara stora segrar, och d\u00e4r man ser v\u00e4rdet i den resa han har framf\u00f6r sig. Med r\u00e4tt f\u00f6ruts\u00e4ttningar finns alla m\u00f6jligheter f\u00f6r honom att utvecklas och blomma ut.<\/p>\n\n\n\n<p>Med tanke p\u00e5 hans bakgrund ska Admiral von Schneider leva som innekatt resten av sitt liv \u2013 d\u00e4r han kan k\u00e4nna sig s\u00e4ker och skyddad.<\/p>\n\n\n\n<p>Att adoptera Admiral von Schneider \u00e4r att \u00f6ppna sitt hem f\u00f6r en katt med djup, v\u00e4rdighet och ett stort hj\u00e4rta. Vill du bli hans trygga hamn? \ud83d\udc9b<\/p>\n\n\n\n<p>Praktisk information<br>\u2714\ufe0f Rumsren och anv\u00e4nder l\u00e5da utan problem<br>\u274c \u00c4nnu inte kastrerad eller chipm\u00e4rkt<br>\u274c \u00c4nnu inte fullt vaccinerad eller avmaskad<br>\u2714\ufe0f F\u00f6rs\u00e4krad i Agria<\/p>\n\n\n\n<p>Kan Admiral von Schneider vara katten f\u00f6r dig? L\u00e4s igenom villkoren och l\u00e4mna g\u00e4rna en intresseanm\u00e4lan.<\/p>\n\n\n\n<p><a href=\"https:\/\/www.djurskyddet.se\/jamtland\/adoption\/pris-och-villkor\/\">Pris &amp; Villkor<\/a><br><a href=\"https:\/\/www.djurskyddet.se\/jamtland\/kontakta-oss\/\">Kontaktuppgifter<\/a><\/p>\n","protected":false},"excerpt":{"rendered":"<p>\ud83c\udfc5Admiral von Schneider Admiral von Schneider \u2013 en stillsam beskyddare s\u00f6ker sin trygga hamn \u2693\ud83d\udc3e Bakom det st\u00e5tliga namnet g\u00f6mmer sig en mjuk och eftert\u00e4nksam sj\u00e4l. Admiral von Schneider hittades i Valne (Alsens socken) tillsammans med sina yngre syskon och kom till katthemmet vid \u00e5rsskiftet 2026. Mycket av hans historia \u00e4r ok\u00e4nd, men vi tror att han \u00e4r lite \u00e4ldre \u00e4n de andra \u2013 troligen f\u00f6dd januari 2025. Det som&hellip;<\/p>\n<p><a class=\"more-link\" href=\"https:\/\/www.djurskyddet.se\/jamtland\/senaste-nytt\/admiral-von-schneider\/\" title=\"Continue reading &lsquo;A. von Schneider&rsquo;\">L&auml;s mer<span class=\"meta-nav\">&raquo;<\/span><\/a><\/p>\n","protected":false},"author":15,"featured_media":12748,"comment_status":"closed","ping_status":"open","sticky":false,"template":"","format":"standard","meta":{"_acf_changed":false,"footnotes":""},"categories":[18,45,19],"tags":[],"class_list":["post-12747","post","type-post","status-publish","format-standard","has-post-thumbnail","hentry","category-senaste-nytt","category-skyggare-katter","category-soker-hem"],"acf":[],"_links":{"self":[{"href":"https:\/\/www.djurskyddet.se\/jamtland\/wp-json\/wp\/v2\/posts\/12747","targetHints":{"allow":["GET"]}}],"collection":[{"href":"https:\/\/www.djurskyddet.se\/jamtland\/wp-json\/wp\/v2\/posts"}],"about":[{"href":"https:\/\/www.djurskyddet.se\/jamtland\/wp-json\/wp\/v2\/types\/post"}],"author":[{"embeddable":true,"href":"https:\/\/www.djurskyddet.se\/jamtland\/wp-json\/wp\/v2\/users\/15"}],"replies":[{"embeddable":true,"href":"https:\/\/www.djurskyddet.se\/jamtland\/wp-json\/wp\/v2\/comments?post=12747"}],"version-history":[{"count":11,"href":"https:\/\/www.djurskyddet.se\/jamtland\/wp-json\/wp\/v2\/posts\/12747\/revisions"}],"predecessor-version":[{"id":12795,"href":"https:\/\/www.djurskyddet.se\/jamtland\/wp-json\/wp\/v2\/posts\/12747\/revisions\/12795"}],"wp:featuredmedia":[{"embeddable":true,"href":"https:\/\/www.djurskyddet.se\/jamtland\/wp-json\/wp\/v2\/media\/12748"}],"wp:attachment":[{"href":"https:\/\/www.djurskyddet.se\/jamtland\/wp-json\/wp\/v2\/media?parent=12747"}],"wp:term":[{"taxonomy":"category","embeddable":true,"href":"https:\/\/www.djurskyddet.se\/jamtland\/wp-json\/wp\/v2\/categories?post=12747"},{"taxonomy":"post_tag","embeddable":true,"href":"https:\/\/www.djurskyddet.se\/jamtland\/wp-json\/wp\/v2\/tags?post=12747"}],"curies":[{"name":"wp","href":"https:\/\/api.w.org\/{rel}","templated":true}]}}