{"id":12751,"date":"2026-04-25T23:53:32","date_gmt":"2026-04-25T22:53:32","guid":{"rendered":"https:\/\/www.djurskyddet.se\/jamtland\/?p=12751"},"modified":"2026-04-26T19:53:30","modified_gmt":"2026-04-26T18:53:30","slug":"sir-toby","status":"publish","type":"post","link":"https:\/\/www.djurskyddet.se\/jamtland\/senaste-nytt\/sir-toby\/","title":{"rendered":"Sir Toby"},"content":{"rendered":"\n<p><strong>Sir Toby \u2013 en liten sj\u00e4l med ett stort behov av trygghet \ud83d\udc3e\ud83d\udc9b<\/strong><\/p>\n\n\n\n<p>Sir Toby \u00e4r en ung kattpojke med en f\u00f6rsiktig blick och ett mjukt hj\u00e4rta. Han hittades i Valne (Alsens socken) tillsammans med sina syskon och kom till katthemmet vid \u00e5rsskiftet 2026. Vi tror att han \u00e4r f\u00f6dd i november 2025 \u2013 fortfarande s\u00e5 ung, men redan med erfarenheter som gjort honom varsam inf\u00f6r v\u00e4rlden.<\/p>\n\n\n\n<p>Han \u00e4r lillebror till Admiral von Schneider, och liksom sin storebror har han haft sina syskon som hela sin trygghet. De ligger g\u00e4rna t\u00e4tt ihop, s\u00f6ker v\u00e4rme och st\u00f6d hos varandra. F\u00f6r Sir Toby \u00e4r n\u00e4rhet viktigt \u2013 men \u00e4n s\u00e5 l\u00e4nge fr\u00e4mst p\u00e5 kattens villkor, i kattens v\u00e4rld.<\/p>\n\n\n\n<p>M\u00e4nniskor \u00e4r fortfarande n\u00e5got han betraktar p\u00e5 avst\u00e5nd. Han \u00e4r blyg, lite f\u00f6rsiktig, och beh\u00f6ver tid f\u00f6r att f\u00f6rst\u00e5 att vi inte \u00e4r n\u00e5got att vara r\u00e4dd f\u00f6r. Men det finns n\u00e5got fint d\u00e4r \u2013 en nyfikenhet som tittar fram ibland, en vilja att v\u00e5ga lite mer, steg f\u00f6r steg.<\/p>\n\n\n\n<p>Sir Toby s\u00f6ker ett hem d\u00e4r man har t\u00e5lamod och f\u00f6rst\u00e5else f\u00f6r hans resa. Ett lugnt hem d\u00e4r han f\u00e5r vara precis den han \u00e4r, utan krav, d\u00e4r tilliten f\u00e5r v\u00e4xa fram i sin egen takt. F\u00f6r r\u00e4tt person kommer det vara en otroligt fin upplevelse att f\u00e5 f\u00f6lja honom \u2013 fr\u00e5n f\u00f6rsiktig observat\u00f6r till en katt som v\u00e5gar ta plats.<\/p>\n\n\n\n<p>Han ska leva som innekatt, d\u00e4r han f\u00e5r vara trygg och skyddad resten av sitt liv.<\/p>\n\n\n\n<p>Att ge Sir Toby ett hem \u00e4r att ge honom en ny b\u00f6rjan \u2013 en chans att uppt\u00e4cka att v\u00e4rlden ocks\u00e5 kan vara varm, trygg och fylld av omtanke.<\/p>\n\n\n\n<p>Kanske \u00e4r det just hos dig han v\u00e5gar ta sina f\u00f6rsta steg? \ud83d\udc31\u2728<\/p>\n\n\n\n<p>Praktisk information<br>\u2714\ufe0f Rumsren och anv\u00e4nder l\u00e5da utan problem<br>\u274c \u00c4nnu inte kastrerad eller chipm\u00e4rkt<br>\u274c \u00c4nnu inte fullt vaccinerad eller avmaskad<br>\u2714\ufe0f F\u00f6rs\u00e4krad i Agria<\/p>\n\n\n\n<p>Kan Sir Toby vara katten f\u00f6r dig? L\u00e4s igenom villkoren och l\u00e4mna g\u00e4rna en intresseanm\u00e4lan.<\/p>\n\n\n\n<p><a href=\"https:\/\/www.djurskyddet.se\/jamtland\/adoption\/pris-och-villkor\/\">Pris &amp; Villkor<\/a><br><a href=\"https:\/\/www.djurskyddet.se\/jamtland\/kontakta-oss\/\">Kontaktuppgifter<\/a><\/p>\n\n\n\n<p><\/p>\n\n\n\n<figure class=\"wp-block-image size-full is-resized is-style-rounded\"><img loading=\"lazy\" decoding=\"async\" width=\"576\" height=\"1024\" src=\"https:\/\/www.djurskyddet.se\/jamtland\/wp-content\/uploads\/sites\/14\/2026\/04\/received_1484272733413667.jpeg\" alt=\"\" class=\"wp-image-12754\" style=\"width:397px;height:auto\" srcset=\"https:\/\/www.djurskyddet.se\/jamtland\/wp-content\/uploads\/sites\/14\/2026\/04\/received_1484272733413667.jpeg 576w, https:\/\/www.djurskyddet.se\/jamtland\/wp-content\/uploads\/sites\/14\/2026\/04\/received_1484272733413667-169x300.jpeg 169w, https:\/\/www.djurskyddet.se\/jamtland\/wp-content\/uploads\/sites\/14\/2026\/04\/received_1484272733413667-400x711.jpeg 400w\" sizes=\"auto, (max-width: 576px) 100vw, 576px\" \/><\/figure>\n","protected":false},"excerpt":{"rendered":"<p>Sir Toby \u2013 en liten sj\u00e4l med ett stort behov av trygghet \ud83d\udc3e\ud83d\udc9b Sir Toby \u00e4r en ung kattpojke med en f\u00f6rsiktig blick och ett mjukt hj\u00e4rta. Han hittades i Valne (Alsens socken) tillsammans med sina syskon och kom till katthemmet vid \u00e5rsskiftet 2026. Vi tror att han \u00e4r f\u00f6dd i november 2025 \u2013 fortfarande s\u00e5 ung, men redan med erfarenheter som gjort honom varsam inf\u00f6r v\u00e4rlden. Han \u00e4r lillebror&hellip;<\/p>\n<p><a class=\"more-link\" href=\"https:\/\/www.djurskyddet.se\/jamtland\/senaste-nytt\/sir-toby\/\" title=\"Continue reading &lsquo;Sir Toby&rsquo;\">L&auml;s mer<span class=\"meta-nav\">&raquo;<\/span><\/a><\/p>\n","protected":false},"author":15,"featured_media":12752,"comment_status":"closed","ping_status":"open","sticky":false,"template":"","format":"standard","meta":{"_acf_changed":false,"footnotes":""},"categories":[18,45,19],"tags":[],"class_list":["post-12751","post","type-post","status-publish","format-standard","has-post-thumbnail","hentry","category-senaste-nytt","category-skyggare-katter","category-soker-hem"],"acf":[],"_links":{"self":[{"href":"https:\/\/www.djurskyddet.se\/jamtland\/wp-json\/wp\/v2\/posts\/12751","targetHints":{"allow":["GET"]}}],"collection":[{"href":"https:\/\/www.djurskyddet.se\/jamtland\/wp-json\/wp\/v2\/posts"}],"about":[{"href":"https:\/\/www.djurskyddet.se\/jamtland\/wp-json\/wp\/v2\/types\/post"}],"author":[{"embeddable":true,"href":"https:\/\/www.djurskyddet.se\/jamtland\/wp-json\/wp\/v2\/users\/15"}],"replies":[{"embeddable":true,"href":"https:\/\/www.djurskyddet.se\/jamtland\/wp-json\/wp\/v2\/comments?post=12751"}],"version-history":[{"count":4,"href":"https:\/\/www.djurskyddet.se\/jamtland\/wp-json\/wp\/v2\/posts\/12751\/revisions"}],"predecessor-version":[{"id":12794,"href":"https:\/\/www.djurskyddet.se\/jamtland\/wp-json\/wp\/v2\/posts\/12751\/revisions\/12794"}],"wp:featuredmedia":[{"embeddable":true,"href":"https:\/\/www.djurskyddet.se\/jamtland\/wp-json\/wp\/v2\/media\/12752"}],"wp:attachment":[{"href":"https:\/\/www.djurskyddet.se\/jamtland\/wp-json\/wp\/v2\/media?parent=12751"}],"wp:term":[{"taxonomy":"category","embeddable":true,"href":"https:\/\/www.djurskyddet.se\/jamtland\/wp-json\/wp\/v2\/categories?post=12751"},{"taxonomy":"post_tag","embeddable":true,"href":"https:\/\/www.djurskyddet.se\/jamtland\/wp-json\/wp\/v2\/tags?post=12751"}],"curies":[{"name":"wp","href":"https:\/\/api.w.org\/{rel}","templated":true}]}}