{"id":12757,"date":"2026-04-25T23:58:35","date_gmt":"2026-04-25T22:58:35","guid":{"rendered":"https:\/\/www.djurskyddet.se\/jamtland\/?p=12757"},"modified":"2026-04-26T20:41:58","modified_gmt":"2026-04-26T19:41:58","slug":"mr-winterbottom","status":"publish","type":"post","link":"https:\/\/www.djurskyddet.se\/jamtland\/senaste-nytt\/mr-winterbottom\/","title":{"rendered":"Mr Winterbottom"},"content":{"rendered":"\n<p>Mr Winterbottom \u2013 en f\u00f6rsiktig liten gentleman s\u00f6ker sitt hem \u2744\ufe0f\ud83d\udc3e<\/p>\n\n\n\n<p>Med sitt storslagna namn och sina mjuka drag \u00e4r Mr Winterbottom en ung kille som b\u00e4r p\u00e5 b\u00e5de v\u00e4rdighet och s\u00e5rbarhet. Han hittades i Valne (Alsens socken) tillsammans med sina syskon och kom till katthemmet vid \u00e5rsskiftet 2026. Vi tror att han \u00e4r f\u00f6dd i november 2025 \u2013 fortfarande i b\u00f6rjan av livet, men med en bakgrund som gjort honom lite f\u00f6rsiktig inf\u00f6r det nya.<\/p>\n\n\n\n<p>Mr Winterbottom \u00e4r lillebror till Admiral von Schneider, och precis som sina syskon har han funnit sin trygghet i varandra. De ligger g\u00e4rna t\u00e4tt ihop, delar v\u00e4rme och h\u00e5ller modet uppe tillsammans. F\u00f6r honom \u00e4r gemenskapen med andra katter en sj\u00e4lvklar och viktig del av livet.<\/p>\n\n\n\n<p>M\u00e4nniskor \u00e4r han \u00e4nnu inte helt s\u00e4ker p\u00e5. Han h\u00e5ller sig g\u00e4rna lite i bakgrunden, observerar och funderar. Men bakom det f\u00f6rsiktiga finns en liten kille som bara beh\u00f6ver tid \u2013 tid att f\u00f6rst\u00e5, tid att v\u00e4nja sig, tid att v\u00e5ga. Det finns en fin nyfikenhet d\u00e4r, som sakta men s\u00e4kert b\u00f6rjar visa sig.<\/p>\n\n\n\n<p>Mr Winterbottom s\u00f6ker ett lugnt och tryggt hem d\u00e4r inget beh\u00f6ver g\u00e5 fort. Ett hem d\u00e4r man har t\u00e5lamodet att l\u00e5ta relationen f\u00e5 v\u00e4xa fram i sm\u00e5 steg, och d\u00e4r varje litet framsteg f\u00e5r vara en stor vinst. F\u00f6r den som ger honom den chansen v\u00e4ntar n\u00e5got v\u00e4ldigt speciellt.<\/p>\n\n\n\n<p>Han ska leva som innekatt, d\u00e4r han f\u00e5r k\u00e4nna sig s\u00e4ker och omh\u00e4ndertagen hela livet.<\/p>\n\n\n\n<p>Att adoptera Mr Winterbottom \u00e4r att \u00f6ppna d\u00f6rren f\u00f6r en stillsam liten gentleman \u2013 och f\u00e5 vara med n\u00e4r han sakta men s\u00e4kert uppt\u00e4cker hur fint livet kan vara \ud83d\udc9b\ud83d\udc31<\/p>\n\n\n\n<p>Praktisk information<br>\u2714\ufe0f Rumsren och anv\u00e4nder l\u00e5da utan problem<br>\u274c \u00c4nnu inte kastrerad eller chipm\u00e4rkt<br>\u274c \u00c4nnu inte fullt vaccinerad eller avmaskad<br>\u2714\ufe0f F\u00f6rs\u00e4krad i Agria<\/p>\n\n\n\n<p>Kan Mr Winterbottom vara katten f\u00f6r dig? L\u00e4s igenom villkoren och l\u00e4mna g\u00e4rna en intresseanm\u00e4lan.<\/p>\n\n\n\n<p><a href=\"https:\/\/www.djurskyddet.se\/jamtland\/adoption\/pris-och-villkor\/\">Pris &amp; Villkor<\/a><br><a href=\"https:\/\/www.djurskyddet.se\/jamtland\/kontakta-oss\/\">Kontaktuppgifter<\/a><\/p>\n","protected":false},"excerpt":{"rendered":"<p>Mr Winterbottom \u2013 en f\u00f6rsiktig liten gentleman s\u00f6ker sitt hem \u2744\ufe0f\ud83d\udc3e Med sitt storslagna namn och sina mjuka drag \u00e4r Mr Winterbottom en ung kille som b\u00e4r p\u00e5 b\u00e5de v\u00e4rdighet och s\u00e5rbarhet. Han hittades i Valne (Alsens socken) tillsammans med sina syskon och kom till katthemmet vid \u00e5rsskiftet 2026. Vi tror att han \u00e4r f\u00f6dd i november 2025 \u2013 fortfarande i b\u00f6rjan av livet, men med en bakgrund som gjort&hellip;<\/p>\n<p><a class=\"more-link\" href=\"https:\/\/www.djurskyddet.se\/jamtland\/senaste-nytt\/mr-winterbottom\/\" title=\"Continue reading &lsquo;Mr Winterbottom&rsquo;\">L&auml;s mer<span class=\"meta-nav\">&raquo;<\/span><\/a><\/p>\n","protected":false},"author":15,"featured_media":12758,"comment_status":"closed","ping_status":"open","sticky":false,"template":"","format":"standard","meta":{"_acf_changed":false,"footnotes":""},"categories":[18,45,19],"tags":[],"class_list":["post-12757","post","type-post","status-publish","format-standard","has-post-thumbnail","hentry","category-senaste-nytt","category-skyggare-katter","category-soker-hem"],"acf":[],"_links":{"self":[{"href":"https:\/\/www.djurskyddet.se\/jamtland\/wp-json\/wp\/v2\/posts\/12757","targetHints":{"allow":["GET"]}}],"collection":[{"href":"https:\/\/www.djurskyddet.se\/jamtland\/wp-json\/wp\/v2\/posts"}],"about":[{"href":"https:\/\/www.djurskyddet.se\/jamtland\/wp-json\/wp\/v2\/types\/post"}],"author":[{"embeddable":true,"href":"https:\/\/www.djurskyddet.se\/jamtland\/wp-json\/wp\/v2\/users\/15"}],"replies":[{"embeddable":true,"href":"https:\/\/www.djurskyddet.se\/jamtland\/wp-json\/wp\/v2\/comments?post=12757"}],"version-history":[{"count":3,"href":"https:\/\/www.djurskyddet.se\/jamtland\/wp-json\/wp\/v2\/posts\/12757\/revisions"}],"predecessor-version":[{"id":12793,"href":"https:\/\/www.djurskyddet.se\/jamtland\/wp-json\/wp\/v2\/posts\/12757\/revisions\/12793"}],"wp:featuredmedia":[{"embeddable":true,"href":"https:\/\/www.djurskyddet.se\/jamtland\/wp-json\/wp\/v2\/media\/12758"}],"wp:attachment":[{"href":"https:\/\/www.djurskyddet.se\/jamtland\/wp-json\/wp\/v2\/media?parent=12757"}],"wp:term":[{"taxonomy":"category","embeddable":true,"href":"https:\/\/www.djurskyddet.se\/jamtland\/wp-json\/wp\/v2\/categories?post=12757"},{"taxonomy":"post_tag","embeddable":true,"href":"https:\/\/www.djurskyddet.se\/jamtland\/wp-json\/wp\/v2\/tags?post=12757"}],"curies":[{"name":"wp","href":"https:\/\/api.w.org\/{rel}","templated":true}]}}