{"id":11717,"date":"2020-10-26T11:28:18","date_gmt":"2020-10-26T11:28:18","guid":{"rendered":"https:\/\/www.djurskyddet.se\/kattfotenhalmstad\/?p=11717"},"modified":"2020-12-15T20:43:46","modified_gmt":"2020-12-15T20:43:46","slug":"almanacka-2021","status":"publish","type":"post","link":"https:\/\/www.djurskyddet.se\/kattfotenhalmstad\/aktuellt\/almanacka-2021\/","title":{"rendered":"Almanacka 2021"},"content":{"rendered":"\n<figure class=\"wp-block-image\"><img loading=\"lazy\" decoding=\"async\" width=\"1024\" height=\"768\" src=\"https:\/\/www.djurskyddet.se\/kattfotenhalmstad\/wp-content\/uploads\/sites\/35\/2020\/10\/Almanacka-2021-h\u00f6sttema-1024x768.jpg\" alt=\"\" class=\"wp-image-11723\" srcset=\"https:\/\/www.djurskyddet.se\/kattfotenhalmstad\/wp-content\/uploads\/sites\/35\/2020\/10\/Almanacka-2021-h\u00f6sttema.jpg 1024w, https:\/\/www.djurskyddet.se\/kattfotenhalmstad\/wp-content\/uploads\/sites\/35\/2020\/10\/Almanacka-2021-h\u00f6sttema-300x225.jpg 300w, https:\/\/www.djurskyddet.se\/kattfotenhalmstad\/wp-content\/uploads\/sites\/35\/2020\/10\/Almanacka-2021-h\u00f6sttema-768x576.jpg 768w, https:\/\/www.djurskyddet.se\/kattfotenhalmstad\/wp-content\/uploads\/sites\/35\/2020\/10\/Almanacka-2021-h\u00f6sttema-400x300.jpg 400w\" sizes=\"auto, (max-width: 1024px) 100vw, 1024px\" \/><\/figure>\n\n\n\n<p>Nu \u00e4r den \u00e4ntligen h\u00e4r &#8211; v\u00e5r almanacka f\u00f6r \u00e5r 2021. Ett stort tack till Maj Bengtsson som lagt ner en hel del arbete f\u00f6r att sammanst\u00e4lla den!  Vi vill \u00e4ven rikta ett tack till alla de som sponsrar oss, vi \u00e4r enormt glada \u00f6ver att ni vill st\u00f6tta oss. S\u00e5 tack alla sponsorer f\u00f6r att ni hj\u00e4lper oss att hj\u00e4lpa katterna! Under helgen vecka 43 hade almanackan premi\u00e4r och s\u00e5ldes under l\u00f6rdagen p\u00e5 Granng\u00e5rden i Halmstad samt p\u00e5 v\u00e5rt Uteloppis under s\u00f6ndagen. Men nu finns den \u00e4ven att k\u00f6pa p\u00e5 fler st\u00e4llen och dessa listar vi h\u00e4r nedan. Listan uppdateras efterhand d\u00e5 vi \u00e5ker ut med almanackan till fler st\u00e4llen. Kika med j\u00e4mna mellanrum. <\/p>\n\n\n\n<h3 class=\"wp-block-heading\"><strong>Falkenberg<\/strong><\/h3>\n\n\n\n<p><a rel=\"noreferrer noopener\" href=\"https:\/\/falkenbergsnetto.se\/\" target=\"_blank\">Falkenbergs Netto<\/a> (Heberg)<\/p>\n\n\n\n<h3 class=\"wp-block-heading\"><strong>Flygstaden<\/strong><\/h3>\n\n\n\n<p><a rel=\"noreferrer noopener\" href=\"https:\/\/bokis.business.site\/\" target=\"_blank\">Bokis<\/a><\/p>\n\n\n\n<h3 class=\"wp-block-heading\"><strong>Halmstad City och d\u00e4romkring<\/strong><\/h3>\n\n\n\n<p><a rel=\"noreferrer noopener\" href=\"https:\/\/www.akademibokhandeln.se\/butik\/halmstad-c\/\" target=\"_blank\">Akademibokhandeln<\/a><br><a rel=\"noreferrer noopener\" href=\"http:\/\/www.cavasfrisorer.se\/\" target=\"_blank\">CAVA&#8217;s Fris\u00f6rer<\/a> <br><a rel=\"noreferrer noopener\" href=\"https:\/\/dvhalmstad.se\/\" target=\"_blank\">Djurens v\u00e4rld<\/a> <br><a rel=\"noreferrer noopener\" aria-label=\"Nyatorps Veterin\u00e4rklinik (\u00f6ppnas i en ny flik)\" href=\"http:\/\/www.nyatorpsvet.se\/\" target=\"_blank\">Nyatorps Veterin\u00e4rklinik<\/a><br><a rel=\"noreferrer noopener\" href=\"https:\/\/www.facebook.com\/sandhamnsmassage\/\" target=\"_blank\">Sandhamns Massage &amp; Kroppsh\u00e4lsa<\/a><\/p>\n\n\n\n<p><a rel=\"noreferrer noopener\" aria-label=\"Simsalabim (\u00f6ppnas i en ny flik)\" href=\"https:\/\/www.simsalabim.se\/\" target=\"_blank\">Simsalabim<\/a><\/p>\n\n\n\n<p>Fris\u00f6rerna p\u00e5 J\u00e4rnv\u00e4gsgatan <\/p>\n\n\n\n<h3 class=\"wp-block-heading\"><strong>Laholm<\/strong><\/h3>\n\n\n\n<p><a rel=\"noreferrer noopener\" aria-label=\"Djurproffset (\u00f6ppnas i en ny flik)\" href=\"http:\/\/www.djurproffset.se\/\" target=\"_blank\">Djurproffset<\/a><br><a href=\"http:\/\/www.lillatjarby.se\/\" target=\"_blank\" rel=\"noreferrer noopener\" aria-label=\"Lilla Tj\u00e4rby Livs &amp; Camping (\u00f6ppnas i en ny flik)\">Lilla Tj\u00e4rby Livs &amp; Camping<\/a><br><a rel=\"noreferrer noopener\" aria-label=\"V\u00e5xtorps Djurklinik (\u00f6ppnas i en ny flik)\" href=\"https:\/\/www.vaxtorpsdjurklinik.se\/\" target=\"_blank\">V\u00e5xtorps Djurklinik<\/a><\/p>\n\n\n\n<h3 class=\"wp-block-heading\"><strong>Mellbystrand<\/strong><\/h3>\n\n\n\n<p><a rel=\"noreferrer noopener\" aria-label=\"BLOMSTERDESIGN (\u00f6ppnas i en ny flik)\" href=\"http:\/\/mellbycenter.se\/project\/blomsterdesign\/\" target=\"_blank\">Blomsterdesign<\/a><\/p>\n\n\n\n<h3 class=\"wp-block-heading\"><strong>R\u00f6inge<\/strong><\/h3>\n\n\n\n<p><a rel=\"noreferrer noopener\" aria-label=\"Lindas Ekocaf\u00e9 (\u00f6ppnas i en ny flik)\" href=\"https:\/\/lindasekocafe.se\/\" target=\"_blank\">Lindas Ekocaf\u00e9<\/a><\/p>\n\n\n\n<p><a href=\"https:\/\/www.patriksprylar.se\/\" target=\"_blank\" rel=\"noreferrer noopener\" aria-label=\"Patriks Prylar (\u00f6ppnas i en ny flik)\">Patriks Prylar<\/a><\/p>\n\n\n\n<h3 class=\"wp-block-heading\"><strong>Stenalyckan<\/strong><\/h3>\n\n\n\n<p><a rel=\"noreferrer noopener\" href=\"https:\/\/www.arkenzoo.se\/arken-zoo-halmstad-stenalyckan\" target=\"_blank\">Arken Zoo<\/a><\/p>\n\n\n\n<h3 class=\"wp-block-heading\"><strong>S\u00f6ndrum<\/strong><\/h3>\n\n\n\n<p><a rel=\"noreferrer noopener\" href=\"http:\/\/frokenwiolasblomster.se\/?fbclid=IwAR3BuOzkx42XCLn9TR4A--F6yeewtL51OUfLEohfGK3UhzZhhBmkLfLZEPY\" target=\"_blank\">Fr\u00f6ken Wiolas Blomstereverkstad<\/a><br><a rel=\"noreferrer noopener\" href=\"https:\/\/www.halmstadsdjurklinik.se\/\" target=\"_blank\">Halmstads Djurklinik<\/a> <br><a rel=\"noreferrer noopener\" href=\"https:\/\/www.facebook.com\/pages\/category\/Convenience-Store\/Tempo-B%C3%A4ckag%C3%A5rd-1005781156118890\/\" target=\"_blank\">Tempo<\/a> <br><a rel=\"noreferrer noopener\" href=\"https:\/\/www.wigmaster.se\/\" target=\"_blank\">Wigmaster<\/a> <\/p>\n\n\n\n<div class=\"wp-block-image\"><figure class=\"aligncenter\"><img loading=\"lazy\" decoding=\"async\" width=\"810\" height=\"1024\" src=\"https:\/\/www.djurskyddet.se\/kattfotenhalmstad\/wp-content\/uploads\/sites\/35\/2020\/10\/Almanacka-2021-810x1024.jpg\" alt=\"\" class=\"wp-image-11718\" srcset=\"https:\/\/www.djurskyddet.se\/kattfotenhalmstad\/wp-content\/uploads\/sites\/35\/2020\/10\/Almanacka-2021-810x1024.jpg 810w, https:\/\/www.djurskyddet.se\/kattfotenhalmstad\/wp-content\/uploads\/sites\/35\/2020\/10\/Almanacka-2021-237x300.jpg 237w, https:\/\/www.djurskyddet.se\/kattfotenhalmstad\/wp-content\/uploads\/sites\/35\/2020\/10\/Almanacka-2021-768x971.jpg 768w, https:\/\/www.djurskyddet.se\/kattfotenhalmstad\/wp-content\/uploads\/sites\/35\/2020\/10\/Almanacka-2021-400x506.jpg 400w, https:\/\/www.djurskyddet.se\/kattfotenhalmstad\/wp-content\/uploads\/sites\/35\/2020\/10\/Almanacka-2021.jpg 1080w\" sizes=\"auto, (max-width: 810px) 100vw, 810px\" \/><\/figure><\/div>\n","protected":false},"excerpt":{"rendered":"<p>Nu \u00e4r den \u00e4ntligen h\u00e4r &#8211; v\u00e5r almanacka f\u00f6r \u00e5r 2021. Ett stort tack till Maj Bengtsson som lagt ner en hel del arbete f\u00f6r att sammanst\u00e4lla den! Vi vill \u00e4ven rikta ett tack till alla de som sponsrar oss, vi \u00e4r enormt glada \u00f6ver att ni vill st\u00f6tta oss. S\u00e5 tack alla sponsorer f\u00f6r att ni hj\u00e4lper oss att hj\u00e4lpa katterna! Under helgen vecka 43 hade almanackan premi\u00e4r och&hellip;<\/p>\n<p><a class=\"more-link\" href=\"https:\/\/www.djurskyddet.se\/kattfotenhalmstad\/aktuellt\/almanacka-2021\/\" title=\"Continue reading &lsquo;Almanacka 2021&rsquo;\">L&auml;s mer<span class=\"meta-nav\">&raquo;<\/span><\/a><\/p>\n","protected":false},"author":36,"featured_media":11723,"comment_status":"closed","ping_status":"open","sticky":false,"template":"","format":"standard","meta":{"_acf_changed":false,"footnotes":""},"categories":[18],"tags":[],"class_list":["post-11717","post","type-post","status-publish","format-standard","has-post-thumbnail","hentry","category-aktuellt"],"acf":[],"_links":{"self":[{"href":"https:\/\/www.djurskyddet.se\/kattfotenhalmstad\/wp-json\/wp\/v2\/posts\/11717","targetHints":{"allow":["GET"]}}],"collection":[{"href":"https:\/\/www.djurskyddet.se\/kattfotenhalmstad\/wp-json\/wp\/v2\/posts"}],"about":[{"href":"https:\/\/www.djurskyddet.se\/kattfotenhalmstad\/wp-json\/wp\/v2\/types\/post"}],"author":[{"embeddable":true,"href":"https:\/\/www.djurskyddet.se\/kattfotenhalmstad\/wp-json\/wp\/v2\/users\/36"}],"replies":[{"embeddable":true,"href":"https:\/\/www.djurskyddet.se\/kattfotenhalmstad\/wp-json\/wp\/v2\/comments?post=11717"}],"version-history":[{"count":16,"href":"https:\/\/www.djurskyddet.se\/kattfotenhalmstad\/wp-json\/wp\/v2\/posts\/11717\/revisions"}],"predecessor-version":[{"id":12109,"href":"https:\/\/www.djurskyddet.se\/kattfotenhalmstad\/wp-json\/wp\/v2\/posts\/11717\/revisions\/12109"}],"wp:featuredmedia":[{"embeddable":true,"href":"https:\/\/www.djurskyddet.se\/kattfotenhalmstad\/wp-json\/wp\/v2\/media\/11723"}],"wp:attachment":[{"href":"https:\/\/www.djurskyddet.se\/kattfotenhalmstad\/wp-json\/wp\/v2\/media?parent=11717"}],"wp:term":[{"taxonomy":"category","embeddable":true,"href":"https:\/\/www.djurskyddet.se\/kattfotenhalmstad\/wp-json\/wp\/v2\/categories?post=11717"},{"taxonomy":"post_tag","embeddable":true,"href":"https:\/\/www.djurskyddet.se\/kattfotenhalmstad\/wp-json\/wp\/v2\/tags?post=11717"}],"curies":[{"name":"wp","href":"https:\/\/api.w.org\/{rel}","templated":true}]}}