{"id":12438,"date":"2021-01-12T19:54:04","date_gmt":"2021-01-12T19:54:04","guid":{"rendered":"https:\/\/www.djurskyddet.se\/kattfotenhalmstad\/?p=12438"},"modified":"2021-01-12T19:55:33","modified_gmt":"2021-01-12T19:55:33","slug":"tack-for-julgavor","status":"publish","type":"post","link":"https:\/\/www.djurskyddet.se\/kattfotenhalmstad\/aktuellt\/tack-for-julgavor\/","title":{"rendered":"Tack f\u00f6r julg\u00e5vor"},"content":{"rendered":"\n<figure class=\"wp-block-image\"><img loading=\"lazy\" decoding=\"async\" width=\"1024\" height=\"998\" src=\"https:\/\/www.djurskyddet.se\/kattfotenhalmstad\/wp-content\/uploads\/sites\/35\/2021\/01\/Screenshot_20210112_205252-1-1024x998.jpg\" alt=\"\" class=\"wp-image-12442\" srcset=\"https:\/\/www.djurskyddet.se\/kattfotenhalmstad\/wp-content\/uploads\/sites\/35\/2021\/01\/Screenshot_20210112_205252-1-1024x998.jpg 1024w, https:\/\/www.djurskyddet.se\/kattfotenhalmstad\/wp-content\/uploads\/sites\/35\/2021\/01\/Screenshot_20210112_205252-1-300x293.jpg 300w, https:\/\/www.djurskyddet.se\/kattfotenhalmstad\/wp-content\/uploads\/sites\/35\/2021\/01\/Screenshot_20210112_205252-1-768x749.jpg 768w, https:\/\/www.djurskyddet.se\/kattfotenhalmstad\/wp-content\/uploads\/sites\/35\/2021\/01\/Screenshot_20210112_205252-1-400x390.jpg 400w, https:\/\/www.djurskyddet.se\/kattfotenhalmstad\/wp-content\/uploads\/sites\/35\/2021\/01\/Screenshot_20210112_205252-1.jpg 1080w\" sizes=\"auto, (max-width: 1024px) 100vw, 1024px\" \/><\/figure>\n\n\n\n<p>Valle och hans kompisar p\u00e5 katthemmet vill \u00f6nska er alla en god forts\u00e4ttning! Vi och katterna vill \u00e4ven dedikera ett stort tack till alla ni som sk\u00e4nkte julg\u00e5vor och julh\u00e4lsningar till oss. Vi \u00e4r s\u00e5 glada f\u00f6r er hj\u00e4lp! Det g\u00f6r att vi kan forts\u00e4tta ta hand om katter som Valle. Han kom in till oss utan tillit f\u00f6r m\u00e4nniskor. Ville helst g\u00f6mma sig och kom vi tv\u00e5benta f\u00f6r n\u00e4ra sa han snabbt ifr\u00e5n. Men efter att f\u00e5 mat och vatten varje dag, v\u00e4rme och trygghet, k\u00e4rlek och t\u00e5lamod, d\u00e5 ins\u00e5g Valle att vi inte \u00e4r farliga. Han har sakta men s\u00e4kert b\u00f6rjat lita p\u00e5 oss och f\u00f6rst\u00e5r att vi bara vill honom v\u00e4l. En av v\u00e5ra volont\u00e4rer lyckades f\u00e5nga ett \u00f6gonblick d\u00e4r Valle visar sin tillit till oss. K\u00e4nslan att f\u00e5 vara en del av hans utveckling helt fantastisk. En k\u00e4nsla vi f\u00e5r m\u00f6jlighet uppleva f\u00f6r att ni st\u00f6ttar v\u00e5r verksamhet. S\u00e5 fr\u00e5n botten av v\u00e5ra hj\u00e4rtan &#8211; TACK! \u2764\ufe0f<\/p>\n\n\n\n<figure class=\"wp-block-embed-youtube wp-block-embed is-type-video is-provider-youtube wp-embed-aspect-4-3 wp-has-aspect-ratio\"><div class=\"wp-block-embed__wrapper\">\n<iframe loading=\"lazy\" title=\"Valle\" width=\"790\" height=\"593\" src=\"https:\/\/www.youtube.com\/embed\/3DAW5mMTnko?feature=oembed\" frameborder=\"0\" allow=\"accelerometer; autoplay; clipboard-write; encrypted-media; gyroscope; picture-in-picture\" allowfullscreen><\/iframe>\n<\/div><\/figure>\n","protected":false},"excerpt":{"rendered":"<p>Valle och hans kompisar p\u00e5 katthemmet vill \u00f6nska er alla en god forts\u00e4ttning! Vi och katterna vill \u00e4ven dedikera ett stort tack till alla ni som sk\u00e4nkte julg\u00e5vor och julh\u00e4lsningar till oss. Vi \u00e4r s\u00e5 glada f\u00f6r er hj\u00e4lp! Det g\u00f6r att vi kan forts\u00e4tta ta hand om katter som Valle. Han kom in till oss utan tillit f\u00f6r m\u00e4nniskor. Ville helst g\u00f6mma sig och kom vi tv\u00e5benta f\u00f6r n\u00e4ra&hellip;<\/p>\n<p><a class=\"more-link\" href=\"https:\/\/www.djurskyddet.se\/kattfotenhalmstad\/aktuellt\/tack-for-julgavor\/\" title=\"Continue reading &lsquo;Tack f\u00f6r julg\u00e5vor&rsquo;\">L&auml;s mer<span class=\"meta-nav\">&raquo;<\/span><\/a><\/p>\n","protected":false},"author":36,"featured_media":12440,"comment_status":"closed","ping_status":"open","sticky":false,"template":"","format":"standard","meta":{"_acf_changed":false,"footnotes":""},"categories":[18],"tags":[],"class_list":["post-12438","post","type-post","status-publish","format-standard","has-post-thumbnail","hentry","category-aktuellt"],"acf":[],"_links":{"self":[{"href":"https:\/\/www.djurskyddet.se\/kattfotenhalmstad\/wp-json\/wp\/v2\/posts\/12438","targetHints":{"allow":["GET"]}}],"collection":[{"href":"https:\/\/www.djurskyddet.se\/kattfotenhalmstad\/wp-json\/wp\/v2\/posts"}],"about":[{"href":"https:\/\/www.djurskyddet.se\/kattfotenhalmstad\/wp-json\/wp\/v2\/types\/post"}],"author":[{"embeddable":true,"href":"https:\/\/www.djurskyddet.se\/kattfotenhalmstad\/wp-json\/wp\/v2\/users\/36"}],"replies":[{"embeddable":true,"href":"https:\/\/www.djurskyddet.se\/kattfotenhalmstad\/wp-json\/wp\/v2\/comments?post=12438"}],"version-history":[{"count":2,"href":"https:\/\/www.djurskyddet.se\/kattfotenhalmstad\/wp-json\/wp\/v2\/posts\/12438\/revisions"}],"predecessor-version":[{"id":12443,"href":"https:\/\/www.djurskyddet.se\/kattfotenhalmstad\/wp-json\/wp\/v2\/posts\/12438\/revisions\/12443"}],"wp:featuredmedia":[{"embeddable":true,"href":"https:\/\/www.djurskyddet.se\/kattfotenhalmstad\/wp-json\/wp\/v2\/media\/12440"}],"wp:attachment":[{"href":"https:\/\/www.djurskyddet.se\/kattfotenhalmstad\/wp-json\/wp\/v2\/media?parent=12438"}],"wp:term":[{"taxonomy":"category","embeddable":true,"href":"https:\/\/www.djurskyddet.se\/kattfotenhalmstad\/wp-json\/wp\/v2\/categories?post=12438"},{"taxonomy":"post_tag","embeddable":true,"href":"https:\/\/www.djurskyddet.se\/kattfotenhalmstad\/wp-json\/wp\/v2\/tags?post=12438"}],"curies":[{"name":"wp","href":"https:\/\/api.w.org\/{rel}","templated":true}]}}