{"id":13069,"date":"2021-04-13T18:45:04","date_gmt":"2021-04-13T18:45:04","guid":{"rendered":"https:\/\/www.djurskyddet.se\/kattfotenhalmstad\/?p=13069"},"modified":"2021-04-13T18:46:06","modified_gmt":"2021-04-13T18:46:06","slug":"katter-klarar-sig-sjalva","status":"publish","type":"post","link":"https:\/\/www.djurskyddet.se\/kattfotenhalmstad\/aktuellt\/katter-klarar-sig-sjalva\/","title":{"rendered":"Katter klarar sig sj\u00e4lva"},"content":{"rendered":"\n<figure class=\"wp-block-image\"><img loading=\"lazy\" decoding=\"async\" width=\"750\" height=\"832\" src=\"https:\/\/www.djurskyddet.se\/kattfotenhalmstad\/wp-content\/uploads\/sites\/35\/2021\/04\/IMG_20210413_175618.jpg\" alt=\"\" class=\"wp-image-13070\" srcset=\"https:\/\/www.djurskyddet.se\/kattfotenhalmstad\/wp-content\/uploads\/sites\/35\/2021\/04\/IMG_20210413_175618.jpg 750w, https:\/\/www.djurskyddet.se\/kattfotenhalmstad\/wp-content\/uploads\/sites\/35\/2021\/04\/IMG_20210413_175618-270x300.jpg 270w, https:\/\/www.djurskyddet.se\/kattfotenhalmstad\/wp-content\/uploads\/sites\/35\/2021\/04\/IMG_20210413_175618-400x444.jpg 400w\" sizes=\"auto, (max-width: 750px) 100vw, 750px\" \/><\/figure>\n\n\n\n<p>TW k\u00e4nsliga bilder<\/p>\n\n\n\n<p>&#8221;En katt klarar sig sj\u00e4lv.&#8221; <\/p>\n\n\n\n<p>Vi har skrivit om det h\u00e4r f\u00f6rut men det t\u00e5ls att upprepas. Det beh\u00f6ver upprepas! I fredags fick vi in en katt som fick namnet Gabriel. Han var inte i ett bra skick, det visade sig att Gabriel hade tum\u00f6rer i \u00f6ronen samt l\u00e5ngvarig \u00f6ronskabb. Var rann ut genom hans \u00f6ron. \u00c4ven hans t\u00e4nder s\u00e5g illa ut. Gabriel fick under en l\u00e4ngre tid mat av en person som tyv\u00e4rr blev sjuk och inte l\u00e4ngre kunde mata honom. Gabriel gl\u00f6mdes bort. Hans lidande var stort och det enda vi kunde g\u00f6ra var att l\u00e5ta honom somna in\u2026<\/p>\n\n\n\n<p>Det \u00e4r lika ledsamt varje g\u00e5ng f\u00f6r oss som f\u00e5r ta det ansvar andra inte kunnat ta. N\u00e4r r\u00e4ddningen \u00e4r f\u00f6r sent och vi med djup sorg tvingas s\u00e4ga farv\u00e4l. Gabriel fick utst\u00e5 konsekvensen av &#8221;katter klarar sig sj\u00e4lv&#8221;. Kan ni f\u00f6rest\u00e4lla er sm\u00e4rtan och f\u00f6rtvivlan han upplevt? En katt beh\u00f6ver inte bara mat och vatten. Katter drabbas av sjukdomar precis som vi m\u00e4nniskor. De beh\u00f6ver hj\u00e4lp av veterin\u00e4r precis som vi beh\u00f6ver sjukv\u00e5rd. Men katter beh\u00f6ver likt oss socialisering och k\u00e4rlek. N\u00e5gon som finns d\u00e4r i alla livets motg\u00e5ngar. Vi \u00e4r s\u00e5 tr\u00f6tta nu, vi kr\u00e4ver f\u00f6r\u00e4ndring. Ta ansvar &#8211; vaccinera, kastrera och ID-m\u00e4rk din katt. Ta hand om din katt med allt vad det inneb\u00e4r. \u00c4lska din katt och den k\u00e4rlek du f\u00e5r tillbaka \u00e4r obeskrivlig.<\/p>\n\n\n\n<p>Vi \u00f6nskar att Gabriel skulle f\u00e5tt en andra chans i livet. Tyv\u00e4rr gick han miste om det. Nu slipper han \u00e5tminstone lida och det \u00e4r den tr\u00f6st vi ger oss sj\u00e4lva. Med detta inl\u00e4gg hoppas vi kunna spricka h\u00e5l p\u00e5 myten att katter klarar sig sj\u00e4lva, s\u00e5 fler slipper lida s\u00e5 som Gabriel gjort. Sprid g\u00e4rna v\u00e5rt budskap vidare och kom ih\u00e5g &#8211; kontakta oss alltid vid oro f\u00f6r katt. Vi finns h\u00e4r f\u00f6r dem \u2764\ufe0f<\/p>\n\n\n\n<figure class=\"wp-block-image\"><img loading=\"lazy\" decoding=\"async\" width=\"768\" height=\"1024\" src=\"https:\/\/www.djurskyddet.se\/kattfotenhalmstad\/wp-content\/uploads\/sites\/35\/2021\/04\/received_273097024484912-768x1024.jpeg\" alt=\"\" class=\"wp-image-13071\" srcset=\"https:\/\/www.djurskyddet.se\/kattfotenhalmstad\/wp-content\/uploads\/sites\/35\/2021\/04\/received_273097024484912-768x1024.jpeg 768w, https:\/\/www.djurskyddet.se\/kattfotenhalmstad\/wp-content\/uploads\/sites\/35\/2021\/04\/received_273097024484912-225x300.jpeg 225w, https:\/\/www.djurskyddet.se\/kattfotenhalmstad\/wp-content\/uploads\/sites\/35\/2021\/04\/received_273097024484912-400x533.jpeg 400w, https:\/\/www.djurskyddet.se\/kattfotenhalmstad\/wp-content\/uploads\/sites\/35\/2021\/04\/received_273097024484912.jpeg 1125w\" sizes=\"auto, (max-width: 768px) 100vw, 768px\" \/><\/figure>\n\n\n\n<figure class=\"wp-block-image\"><img loading=\"lazy\" decoding=\"async\" width=\"768\" height=\"1024\" src=\"https:\/\/www.djurskyddet.se\/kattfotenhalmstad\/wp-content\/uploads\/sites\/35\/2021\/04\/received_2831973947056734-768x1024.jpeg\" alt=\"\" class=\"wp-image-13072\" srcset=\"https:\/\/www.djurskyddet.se\/kattfotenhalmstad\/wp-content\/uploads\/sites\/35\/2021\/04\/received_2831973947056734-768x1024.jpeg 768w, https:\/\/www.djurskyddet.se\/kattfotenhalmstad\/wp-content\/uploads\/sites\/35\/2021\/04\/received_2831973947056734-225x300.jpeg 225w, https:\/\/www.djurskyddet.se\/kattfotenhalmstad\/wp-content\/uploads\/sites\/35\/2021\/04\/received_2831973947056734-400x533.jpeg 400w, https:\/\/www.djurskyddet.se\/kattfotenhalmstad\/wp-content\/uploads\/sites\/35\/2021\/04\/received_2831973947056734.jpeg 1125w\" sizes=\"auto, (max-width: 768px) 100vw, 768px\" \/><\/figure>\n\n\n\n<figure class=\"wp-block-image\"><img loading=\"lazy\" decoding=\"async\" width=\"768\" height=\"1024\" src=\"https:\/\/www.djurskyddet.se\/kattfotenhalmstad\/wp-content\/uploads\/sites\/35\/2021\/04\/received_462361181754569-768x1024.jpeg\" alt=\"\" class=\"wp-image-13073\" srcset=\"https:\/\/www.djurskyddet.se\/kattfotenhalmstad\/wp-content\/uploads\/sites\/35\/2021\/04\/received_462361181754569-768x1024.jpeg 768w, https:\/\/www.djurskyddet.se\/kattfotenhalmstad\/wp-content\/uploads\/sites\/35\/2021\/04\/received_462361181754569-225x300.jpeg 225w, https:\/\/www.djurskyddet.se\/kattfotenhalmstad\/wp-content\/uploads\/sites\/35\/2021\/04\/received_462361181754569-400x533.jpeg 400w, https:\/\/www.djurskyddet.se\/kattfotenhalmstad\/wp-content\/uploads\/sites\/35\/2021\/04\/received_462361181754569.jpeg 1125w\" sizes=\"auto, (max-width: 768px) 100vw, 768px\" \/><\/figure>\n","protected":false},"excerpt":{"rendered":"<p>TW k\u00e4nsliga bilder &#8221;En katt klarar sig sj\u00e4lv.&#8221; Vi har skrivit om det h\u00e4r f\u00f6rut men det t\u00e5ls att upprepas. Det beh\u00f6ver upprepas! I fredags fick vi in en katt som fick namnet Gabriel. Han var inte i ett bra skick, det visade sig att Gabriel hade tum\u00f6rer i \u00f6ronen samt l\u00e5ngvarig \u00f6ronskabb. Var rann ut genom hans \u00f6ron. \u00c4ven hans t\u00e4nder s\u00e5g illa ut. Gabriel fick under en l\u00e4ngre&hellip;<\/p>\n<p><a class=\"more-link\" href=\"https:\/\/www.djurskyddet.se\/kattfotenhalmstad\/aktuellt\/katter-klarar-sig-sjalva\/\" title=\"Continue reading &lsquo;Katter klarar sig sj\u00e4lva&rsquo;\">L&auml;s mer<span class=\"meta-nav\">&raquo;<\/span><\/a><\/p>\n","protected":false},"author":36,"featured_media":13070,"comment_status":"closed","ping_status":"open","sticky":false,"template":"","format":"standard","meta":{"_acf_changed":false,"footnotes":""},"categories":[18],"tags":[],"class_list":["post-13069","post","type-post","status-publish","format-standard","has-post-thumbnail","hentry","category-aktuellt"],"acf":[],"_links":{"self":[{"href":"https:\/\/www.djurskyddet.se\/kattfotenhalmstad\/wp-json\/wp\/v2\/posts\/13069","targetHints":{"allow":["GET"]}}],"collection":[{"href":"https:\/\/www.djurskyddet.se\/kattfotenhalmstad\/wp-json\/wp\/v2\/posts"}],"about":[{"href":"https:\/\/www.djurskyddet.se\/kattfotenhalmstad\/wp-json\/wp\/v2\/types\/post"}],"author":[{"embeddable":true,"href":"https:\/\/www.djurskyddet.se\/kattfotenhalmstad\/wp-json\/wp\/v2\/users\/36"}],"replies":[{"embeddable":true,"href":"https:\/\/www.djurskyddet.se\/kattfotenhalmstad\/wp-json\/wp\/v2\/comments?post=13069"}],"version-history":[{"count":1,"href":"https:\/\/www.djurskyddet.se\/kattfotenhalmstad\/wp-json\/wp\/v2\/posts\/13069\/revisions"}],"predecessor-version":[{"id":13074,"href":"https:\/\/www.djurskyddet.se\/kattfotenhalmstad\/wp-json\/wp\/v2\/posts\/13069\/revisions\/13074"}],"wp:featuredmedia":[{"embeddable":true,"href":"https:\/\/www.djurskyddet.se\/kattfotenhalmstad\/wp-json\/wp\/v2\/media\/13070"}],"wp:attachment":[{"href":"https:\/\/www.djurskyddet.se\/kattfotenhalmstad\/wp-json\/wp\/v2\/media?parent=13069"}],"wp:term":[{"taxonomy":"category","embeddable":true,"href":"https:\/\/www.djurskyddet.se\/kattfotenhalmstad\/wp-json\/wp\/v2\/categories?post=13069"},{"taxonomy":"post_tag","embeddable":true,"href":"https:\/\/www.djurskyddet.se\/kattfotenhalmstad\/wp-json\/wp\/v2\/tags?post=13069"}],"curies":[{"name":"wp","href":"https:\/\/api.w.org\/{rel}","templated":true}]}}