{"id":13362,"date":"2021-08-08T11:31:17","date_gmt":"2021-08-08T11:31:17","guid":{"rendered":"https:\/\/www.djurskyddet.se\/kattfotenhalmstad\/?p=13362"},"modified":"2021-08-08T11:31:22","modified_gmt":"2021-08-08T11:31:22","slug":"internationella-kattdagen-2021","status":"publish","type":"post","link":"https:\/\/www.djurskyddet.se\/kattfotenhalmstad\/aktuellt\/internationella-kattdagen-2021\/","title":{"rendered":"Internationella kattdagen 2021"},"content":{"rendered":"\n<figure class=\"wp-block-image size-large\"><img loading=\"lazy\" decoding=\"async\" width=\"399\" height=\"601\" src=\"https:\/\/www.djurskyddet.se\/kattfotenhalmstad\/wp-content\/uploads\/sites\/35\/2021\/08\/G-1-1.jpg\" alt=\"\" class=\"wp-image-13363\" srcset=\"https:\/\/www.djurskyddet.se\/kattfotenhalmstad\/wp-content\/uploads\/sites\/35\/2021\/08\/G-1-1.jpg 399w, https:\/\/www.djurskyddet.se\/kattfotenhalmstad\/wp-content\/uploads\/sites\/35\/2021\/08\/G-1-1-199x300.jpg 199w\" sizes=\"auto, (max-width: 399px) 100vw, 399px\" \/><\/figure>\n\n\n\n<p>Idag \u00e4r det ingen vanlig s\u00f6ndag f\u00f6r idag \u00e4r det Internationella kattdagen och i dess \u00e4ra vill vi hylla katterna! ?<\/p>\n\n\n\n<p>V\u00e5rt arbete f\u00f6r heml\u00f6sa katter forts\u00e4tter i vanlig takt och ofta undrar vi n\u00e4r deras el\u00e4nde ska upph\u00f6ra. Tillsammans kan vi hj\u00e4lpa de utsatta och vi vill passa p\u00e5 att sprida information om vad just du kan g\u00f6ra f\u00f6r att hj\u00e4lpa. Som katt\u00e4gare \u00e4r det otroligt viktigt att vaccinera, kastrera och ID-m\u00e4rka din katt, oavsett om det \u00e4r inne- eller utekatt. Att g\u00f6ra detta \u00e4r avg\u00f6rande f\u00f6r att minska heml\u00f6sheten hos katter.<\/p>\n\n\n\n<p>\u00c4r du orolig \u00f6ver en katt och misst\u00e4nker att den saknar \u00e4gare eller inte m\u00e5r bra kontakta oss! Du kan ocks\u00e5 st\u00f6tta v\u00e5r f\u00f6rening genom att agera som jourhem, sk\u00e4nka g\u00e5vor eller pengar! ??<br>Bankgiro: 5479-8798<br>Swish: 0708-19 03 50 (Eva Lundgren)<\/p>\n\n\n\n<p>Och en sista v\u00e4djan, funderar du p\u00e5 att ut\u00f6ka familjen med en p\u00e4lskling s\u00e5 adoptera! Att adoptera en katt r\u00e4ddar inte bara den, utan \u00f6ppnar upp d\u00f6rren f\u00f6r en annan heml\u00f6s att f\u00e5 plats hos oss! ??<\/p>\n","protected":false},"excerpt":{"rendered":"<p>Idag \u00e4r det ingen vanlig s\u00f6ndag f\u00f6r idag \u00e4r det Internationella kattdagen och i dess \u00e4ra vill vi hylla katterna! ? V\u00e5rt arbete f\u00f6r heml\u00f6sa katter forts\u00e4tter i vanlig takt och ofta undrar vi n\u00e4r deras el\u00e4nde ska upph\u00f6ra. Tillsammans kan vi hj\u00e4lpa de utsatta och vi vill passa p\u00e5 att sprida information om vad just du kan g\u00f6ra f\u00f6r att hj\u00e4lpa. Som katt\u00e4gare \u00e4r det otroligt viktigt att vaccinera,&hellip;<\/p>\n<p><a class=\"more-link\" href=\"https:\/\/www.djurskyddet.se\/kattfotenhalmstad\/aktuellt\/internationella-kattdagen-2021\/\" title=\"Continue reading &lsquo;Internationella kattdagen 2021&rsquo;\">L&auml;s mer<span class=\"meta-nav\">&raquo;<\/span><\/a><\/p>\n","protected":false},"author":36,"featured_media":13363,"comment_status":"closed","ping_status":"open","sticky":false,"template":"","format":"standard","meta":{"_acf_changed":false,"footnotes":""},"categories":[18],"tags":[],"class_list":["post-13362","post","type-post","status-publish","format-standard","has-post-thumbnail","hentry","category-aktuellt"],"acf":[],"_links":{"self":[{"href":"https:\/\/www.djurskyddet.se\/kattfotenhalmstad\/wp-json\/wp\/v2\/posts\/13362","targetHints":{"allow":["GET"]}}],"collection":[{"href":"https:\/\/www.djurskyddet.se\/kattfotenhalmstad\/wp-json\/wp\/v2\/posts"}],"about":[{"href":"https:\/\/www.djurskyddet.se\/kattfotenhalmstad\/wp-json\/wp\/v2\/types\/post"}],"author":[{"embeddable":true,"href":"https:\/\/www.djurskyddet.se\/kattfotenhalmstad\/wp-json\/wp\/v2\/users\/36"}],"replies":[{"embeddable":true,"href":"https:\/\/www.djurskyddet.se\/kattfotenhalmstad\/wp-json\/wp\/v2\/comments?post=13362"}],"version-history":[{"count":1,"href":"https:\/\/www.djurskyddet.se\/kattfotenhalmstad\/wp-json\/wp\/v2\/posts\/13362\/revisions"}],"predecessor-version":[{"id":13364,"href":"https:\/\/www.djurskyddet.se\/kattfotenhalmstad\/wp-json\/wp\/v2\/posts\/13362\/revisions\/13364"}],"wp:featuredmedia":[{"embeddable":true,"href":"https:\/\/www.djurskyddet.se\/kattfotenhalmstad\/wp-json\/wp\/v2\/media\/13363"}],"wp:attachment":[{"href":"https:\/\/www.djurskyddet.se\/kattfotenhalmstad\/wp-json\/wp\/v2\/media?parent=13362"}],"wp:term":[{"taxonomy":"category","embeddable":true,"href":"https:\/\/www.djurskyddet.se\/kattfotenhalmstad\/wp-json\/wp\/v2\/categories?post=13362"},{"taxonomy":"post_tag","embeddable":true,"href":"https:\/\/www.djurskyddet.se\/kattfotenhalmstad\/wp-json\/wp\/v2\/tags?post=13362"}],"curies":[{"name":"wp","href":"https:\/\/api.w.org\/{rel}","templated":true}]}}