{"id":13455,"date":"2021-10-04T07:12:20","date_gmt":"2021-10-04T07:12:20","guid":{"rendered":"https:\/\/www.djurskyddet.se\/kattfotenhalmstad\/?p=13455"},"modified":"2021-10-04T07:14:59","modified_gmt":"2021-10-04T07:14:59","slug":"djurens-dag","status":"publish","type":"post","link":"https:\/\/www.djurskyddet.se\/kattfotenhalmstad\/aktuellt\/djurens-dag\/","title":{"rendered":"Djurens dag"},"content":{"rendered":"\n<p>I dag \u00e4r det DJURENS DAG!<\/p>\n\n\n\n<p>Kattfoten har funnits i 17 \u00e5r och vi k\u00e4mpar dagligen med heml\u00f6sa katter.<\/p>\n\n\n\n<p>Telefonen ringer konstant, mailen till v\u00e5r mailbox hopar sig. Det \u00e4r d\u00e5 larm om upphittade avmagrade katter, s\u00e5som okastrerade hankatter, dr\u00e4ktiga honor, mammor med redan f\u00f6dda sm\u00e5 kattungar, oftast d\u00e4r kattungarna redan b\u00f6rjar bli f\u00f6rvildade.<\/p>\n\n\n\n<p>Situationen f\u00f6r heml\u00f6sa katter \u00e4r v\u00e4rre \u00e4n n\u00e5gonsin! De de nya reglerna som b\u00f6rjade g\u00e4lla 15 juni 2020 att man B\u00d6R kastrera sin katt f\u00f6r att f\u00f6rhindra okontrollerad f\u00f6r\u00f6kning har tyv\u00e4rr inte gett n\u00e5gon effekt alls. Att det \u00e4ven blivit \u201dcoronakatter\u201d r\u00e5der det inga tvivel om, folk skaffade katt utan n\u00e5gon som helst eftertanke. P\u00e5 senare tid \u00a0kommer dessutom folk in utan f\u00f6rvarning, direkt till katthemmet \u00a0med en katt i famnen och s\u00e4ger rent ut:\u00a0 \u201d vi vill inte ha den l\u00e4ngre\u201d. De har inte ens inskaffat en transportbur \u00a0att frakta katten i.<\/p>\n\n\n\n<p>VARF\u00d6R tar det ALDRIG slut? VARF\u00d6R blir det inga f\u00f6r\u00e4ndringar?<\/p>\n\n\n\n<p>Att k\u00e4mpa i motvind \u00e5r efter \u00e5r, tar p\u00e5 v\u00e5ra krafter. D\u00e4rav har vi ett tr\u00e5kigt medelande till v\u00e5ra trogna ALMANACKSK\u00d6PARE och v\u00e5ra trogna SPONSORER till almanackan. Vi f\u00e5r tyv\u00e4rr meddela att vi inte m\u00e4ktar med att f\u00e5 till en almanacka f\u00f6r 2022, d\u00e5 det ligger mycket arbete och tid bakom en s\u00e5dan. Tiden och orken r\u00e4cker helt enkelt inte till under de omst\u00e4ndigheter som r\u00e5der f\u00f6r alla dessa heml\u00f6sa katters situation just nu. Vi m\u00e5ste l\u00e4gga all fokus och energi p\u00e5 katterna.<\/p>\n\n\n\n<p>Vi \u00e4r lika ledsna som ni, d\u00e5 vi f\u00f6rst\u00e5tt att just v\u00e5ra almanackor med v\u00e5rt koncept varit v\u00e4ldigt popul\u00e4ra.<\/p>\n\n\n\n<p>Vi \u00e4r ocks\u00e5 bedr\u00f6vade f\u00f6r det blir \u00e4ven ett stort inkomstbortfall f\u00f6r oss. &nbsp;Vi hoppas d\u00e4rf\u00f6r och v\u00e4djar att ni st\u00f6ttar oss i h\u00f6st och fram\u00f6ver. Inga bidrag \u00e4r f\u00f6r sm\u00e5! Vi \u00e4r s\u00e5 oerh\u00f6rt tacksamma f\u00f6r era g\u00e5vor och utan ER st\u00f6ttning klarar vi oss inte.<\/p>\n\n\n\n<p>Almanackor kommer dock att komma fr\u00e5n Djurskyddet Sverige, s\u00e5 almanackor i annan form kommer att finnas.<\/p>\n\n\n\n<p>Kramar till Er alla!<\/p>\n\n\n\n<p><strong>Vill ni st\u00f6tta oss \u00e4r v\u00e5rt BG 5479-8798 eller swish \u00a00708190350 (Eva Lundgren) m\u00e4rk st\u00f6ttning.<\/strong><\/p>\n\n\n\n<figure class=\"wp-block-image size-large\"><img loading=\"lazy\" decoding=\"async\" width=\"740\" height=\"1024\" src=\"https:\/\/www.djurskyddet.se\/kattfotenhalmstad\/wp-content\/uploads\/sites\/35\/2021\/10\/IMG_70431-1.jpg\" alt=\"\" class=\"wp-image-13457\" srcset=\"https:\/\/www.djurskyddet.se\/kattfotenhalmstad\/wp-content\/uploads\/sites\/35\/2021\/10\/IMG_70431-1.jpg 740w, https:\/\/www.djurskyddet.se\/kattfotenhalmstad\/wp-content\/uploads\/sites\/35\/2021\/10\/IMG_70431-1-217x300.jpg 217w, https:\/\/www.djurskyddet.se\/kattfotenhalmstad\/wp-content\/uploads\/sites\/35\/2021\/10\/IMG_70431-1-400x554.jpg 400w\" sizes=\"auto, (max-width: 740px) 100vw, 740px\" \/><\/figure>\n","protected":false},"excerpt":{"rendered":"<p>I dag \u00e4r det DJURENS DAG! Kattfoten har funnits i 17 \u00e5r och vi k\u00e4mpar dagligen med heml\u00f6sa katter. Telefonen ringer konstant, mailen till v\u00e5r mailbox hopar sig. Det \u00e4r d\u00e5 larm om upphittade avmagrade katter, s\u00e5som okastrerade hankatter, dr\u00e4ktiga honor, mammor med redan f\u00f6dda sm\u00e5 kattungar, oftast d\u00e4r kattungarna redan b\u00f6rjar bli f\u00f6rvildade. Situationen f\u00f6r heml\u00f6sa katter \u00e4r v\u00e4rre \u00e4n n\u00e5gonsin! De de nya reglerna som b\u00f6rjade g\u00e4lla 15&hellip;<\/p>\n<p><a class=\"more-link\" href=\"https:\/\/www.djurskyddet.se\/kattfotenhalmstad\/aktuellt\/djurens-dag\/\" title=\"Continue reading &lsquo;Djurens dag&rsquo;\">L&auml;s mer<span class=\"meta-nav\">&raquo;<\/span><\/a><\/p>\n","protected":false},"author":55,"featured_media":13456,"comment_status":"closed","ping_status":"open","sticky":false,"template":"","format":"standard","meta":{"_acf_changed":false,"footnotes":""},"categories":[18],"tags":[],"class_list":["post-13455","post","type-post","status-publish","format-standard","has-post-thumbnail","hentry","category-aktuellt"],"acf":[],"_links":{"self":[{"href":"https:\/\/www.djurskyddet.se\/kattfotenhalmstad\/wp-json\/wp\/v2\/posts\/13455","targetHints":{"allow":["GET"]}}],"collection":[{"href":"https:\/\/www.djurskyddet.se\/kattfotenhalmstad\/wp-json\/wp\/v2\/posts"}],"about":[{"href":"https:\/\/www.djurskyddet.se\/kattfotenhalmstad\/wp-json\/wp\/v2\/types\/post"}],"author":[{"embeddable":true,"href":"https:\/\/www.djurskyddet.se\/kattfotenhalmstad\/wp-json\/wp\/v2\/users\/55"}],"replies":[{"embeddable":true,"href":"https:\/\/www.djurskyddet.se\/kattfotenhalmstad\/wp-json\/wp\/v2\/comments?post=13455"}],"version-history":[{"count":2,"href":"https:\/\/www.djurskyddet.se\/kattfotenhalmstad\/wp-json\/wp\/v2\/posts\/13455\/revisions"}],"predecessor-version":[{"id":13459,"href":"https:\/\/www.djurskyddet.se\/kattfotenhalmstad\/wp-json\/wp\/v2\/posts\/13455\/revisions\/13459"}],"wp:featuredmedia":[{"embeddable":true,"href":"https:\/\/www.djurskyddet.se\/kattfotenhalmstad\/wp-json\/wp\/v2\/media\/13456"}],"wp:attachment":[{"href":"https:\/\/www.djurskyddet.se\/kattfotenhalmstad\/wp-json\/wp\/v2\/media?parent=13455"}],"wp:term":[{"taxonomy":"category","embeddable":true,"href":"https:\/\/www.djurskyddet.se\/kattfotenhalmstad\/wp-json\/wp\/v2\/categories?post=13455"},{"taxonomy":"post_tag","embeddable":true,"href":"https:\/\/www.djurskyddet.se\/kattfotenhalmstad\/wp-json\/wp\/v2\/tags?post=13455"}],"curies":[{"name":"wp","href":"https:\/\/api.w.org\/{rel}","templated":true}]}}