{"id":13670,"date":"2022-03-02T19:21:00","date_gmt":"2022-03-02T19:21:00","guid":{"rendered":"https:\/\/www.djurskyddet.se\/kattfotenhalmstad\/?p=13670"},"modified":"2022-04-18T19:26:39","modified_gmt":"2022-04-18T19:26:39","slug":"jatillidmarkning","status":"publish","type":"post","link":"https:\/\/www.djurskyddet.se\/kattfotenhalmstad\/aktuellt\/jatillidmarkning\/","title":{"rendered":"JA till obligatorisk ID-m\u00e4rkning!"},"content":{"rendered":"\n<p>Vi har gjort det! M\u00e5nga \u00e5rs p\u00e5verkansarbete har gett resultat. Idag den 2 mars r\u00f6stade riksdagen ja till obligatorisk ID-m\u00e4rkning och registrering av katter. Detta inneb\u00e4r att vi h\u00f6jt kattens status och att vi f\u00f6rhoppningsvis kommer se en minskning av heml\u00f6sa katter som far illa. <img loading=\"lazy\" decoding=\"async\" height=\"16\" width=\"16\" src=\"https:\/\/static.xx.fbcdn.net\/images\/emoji.php\/v9\/tc5\/1.5\/16\/1f4aa.png\" alt=\"?\"><img loading=\"lazy\" decoding=\"async\" height=\"16\" width=\"16\" src=\"https:\/\/static.xx.fbcdn.net\/images\/emoji.php\/v9\/t3\/1.5\/16\/1f431.png\" alt=\"?\"><img loading=\"lazy\" decoding=\"async\" height=\"16\" width=\"16\" src=\"https:\/\/static.xx.fbcdn.net\/images\/emoji.php\/v9\/t88\/1.5\/16\/1f436.png\" alt=\"?\"><img loading=\"lazy\" decoding=\"async\" height=\"16\" width=\"16\" src=\"https:\/\/static.xx.fbcdn.net\/images\/emoji.php\/v9\/ted\/1.5\/16\/1f49a.png\" alt=\"?\"><\/p>\n\n\n\n<p>L\u00e4s mer i v\u00e5rt pressmeddelande <img loading=\"lazy\" decoding=\"async\" height=\"16\" width=\"16\" src=\"https:\/\/static.xx.fbcdn.net\/images\/emoji.php\/v9\/taa\/1.5\/16\/1f449.png\" alt=\"?\"><a href=\"https:\/\/press.djurskyddet.se\/posts\/pressreleases\/riksdagen-hojer-katters-status-ny-lag-om-mark?fbclid=IwAR18l24QYeu3zlYwrGKnZBvfV4fkjsPbEG1StijEMq6JusjqdIPbDIGgnfY\" target=\"_blank\" rel=\"noreferrer noopener\">https:\/\/press.djurskyddet.se\/&#8230;\/riksdagen-hojer-katters&#8230;<\/a><\/p>\n\n\n\n<div class=\"wp-block-image\"><figure class=\"aligncenter size-full\"><a href=\"https:\/\/l.facebook.com\/l.php?u=https%3A%2F%2Fpress.djurskyddet.se%2Fposts%2Fpressreleases%2Friksdagen-hojer-katters-status-ny-lag-om-mark%3Ffbclid%3DIwAR18l24QYeu3zlYwrGKnZBvfV4fkjsPbEG1StijEMq6JusjqdIPbDIGgnfY&amp;h=AT2NHaRkTnZJ1yCN8HyiSzuVqw7KuUUVUzbwJ1_fK8HZoVmqfV_2m5XSn1w41_IRQglUfalSOCL29LBVia-E438tUF8-E5IdGmBy4kWIPCs-phOZ2W5OuH9IgbTi1rbJ8mPX&amp;__tn__=-UK-R&amp;c[0]=AT2DDLpsEwQ0UbPsLHPMx3xnasmPKFH4DgdXIQ4A7OiG93CVHGvQzn3uEucO49k8g-dbQUdcI7KOkWYh858JKZjsxqV-23bFSBC2YIYW1ks1l_ZPOJUL_ZPLkFrWqQmA0ZyVsqDoDDfhyJc-RwIMQx59cY5I7CAFtRG0j4QmKtjksP_iawGnOe7D7tmXIMM7y3rW1Uk2\"><img loading=\"lazy\" decoding=\"async\" width=\"500\" height=\"261\" src=\"https:\/\/www.djurskyddet.se\/kattfotenhalmstad\/wp-content\/uploads\/sites\/35\/2022\/04\/1-3.jpg\" alt=\"\" class=\"wp-image-13672\" srcset=\"https:\/\/www.djurskyddet.se\/kattfotenhalmstad\/wp-content\/uploads\/sites\/35\/2022\/04\/1-3.jpg 500w, https:\/\/www.djurskyddet.se\/kattfotenhalmstad\/wp-content\/uploads\/sites\/35\/2022\/04\/1-3-300x157.jpg 300w, https:\/\/www.djurskyddet.se\/kattfotenhalmstad\/wp-content\/uploads\/sites\/35\/2022\/04\/1-3-400x209.jpg 400w\" sizes=\"auto, (max-width: 500px) 100vw, 500px\" \/><\/a><\/figure><\/div>\n","protected":false},"excerpt":{"rendered":"<p>Vi har gjort det! M\u00e5nga \u00e5rs p\u00e5verkansarbete har gett resultat. Idag den 2 mars r\u00f6stade riksdagen ja till obligatorisk ID-m\u00e4rkning och registrering av katter. Detta inneb\u00e4r att vi h\u00f6jt kattens status och att vi f\u00f6rhoppningsvis kommer se en minskning av heml\u00f6sa katter som far illa. L\u00e4s mer i v\u00e5rt pressmeddelande https:\/\/press.djurskyddet.se\/&#8230;\/riksdagen-hojer-katters&#8230;<\/p>\n","protected":false},"author":55,"featured_media":13671,"comment_status":"closed","ping_status":"open","sticky":false,"template":"","format":"standard","meta":{"_acf_changed":false,"footnotes":""},"categories":[18],"tags":[],"class_list":["post-13670","post","type-post","status-publish","format-standard","has-post-thumbnail","hentry","category-aktuellt"],"acf":[],"_links":{"self":[{"href":"https:\/\/www.djurskyddet.se\/kattfotenhalmstad\/wp-json\/wp\/v2\/posts\/13670","targetHints":{"allow":["GET"]}}],"collection":[{"href":"https:\/\/www.djurskyddet.se\/kattfotenhalmstad\/wp-json\/wp\/v2\/posts"}],"about":[{"href":"https:\/\/www.djurskyddet.se\/kattfotenhalmstad\/wp-json\/wp\/v2\/types\/post"}],"author":[{"embeddable":true,"href":"https:\/\/www.djurskyddet.se\/kattfotenhalmstad\/wp-json\/wp\/v2\/users\/55"}],"replies":[{"embeddable":true,"href":"https:\/\/www.djurskyddet.se\/kattfotenhalmstad\/wp-json\/wp\/v2\/comments?post=13670"}],"version-history":[{"count":3,"href":"https:\/\/www.djurskyddet.se\/kattfotenhalmstad\/wp-json\/wp\/v2\/posts\/13670\/revisions"}],"predecessor-version":[{"id":13675,"href":"https:\/\/www.djurskyddet.se\/kattfotenhalmstad\/wp-json\/wp\/v2\/posts\/13670\/revisions\/13675"}],"wp:featuredmedia":[{"embeddable":true,"href":"https:\/\/www.djurskyddet.se\/kattfotenhalmstad\/wp-json\/wp\/v2\/media\/13671"}],"wp:attachment":[{"href":"https:\/\/www.djurskyddet.se\/kattfotenhalmstad\/wp-json\/wp\/v2\/media?parent=13670"}],"wp:term":[{"taxonomy":"category","embeddable":true,"href":"https:\/\/www.djurskyddet.se\/kattfotenhalmstad\/wp-json\/wp\/v2\/categories?post=13670"},{"taxonomy":"post_tag","embeddable":true,"href":"https:\/\/www.djurskyddet.se\/kattfotenhalmstad\/wp-json\/wp\/v2\/tags?post=13670"}],"curies":[{"name":"wp","href":"https:\/\/api.w.org\/{rel}","templated":true}]}}