{"id":13803,"date":"2022-10-26T18:26:22","date_gmt":"2022-10-26T18:26:22","guid":{"rendered":"https:\/\/www.djurskyddet.se\/kattfotenhalmstad\/?p=13803"},"modified":"2022-10-26T18:26:24","modified_gmt":"2022-10-26T18:26:24","slug":"hemlosa-katters-vecka-2","status":"publish","type":"post","link":"https:\/\/www.djurskyddet.se\/kattfotenhalmstad\/aktuellt\/hemlosa-katters-vecka-2\/","title":{"rendered":"Heml\u00f6sa katters vecka"},"content":{"rendered":"\n<figure class=\"wp-block-image\"><img decoding=\"async\" src=\"https:\/\/static.xx.fbcdn.net\/images\/emoji.php\/v9\/tf3\/1.5\/16\/2764.png\" alt=\"\u2764\" \/><\/figure>\n\n\n\n<p>Heml\u00f6sa katters vecka denna vecka.<\/p>\n\n\n\n<p>Vi hade velat ha denna veckan \u00e5rets alla dagar f\u00f6r att uppm\u00e4rksamma alla heml\u00f6sa katter. <img loading=\"lazy\" decoding=\"async\" height=\"16\" width=\"16\" alt=\"\u2764\" src=\"https:\/\/static.xx.fbcdn.net\/images\/emoji.php\/v9\/tf3\/1.5\/16\/2764.png\"><\/p>\n\n\n\n<p>Det <a><\/a>\u00e4r s\u00e5 tragiskt att man ska beh\u00f6va ha det, men det \u00e4r oerh\u00f6rt viktigt att uppm\u00e4rksamma detta samh\u00e4llsproblem.<\/p>\n\n\n\n<p>Det finns m\u00e5nga myter kring heml\u00f6sa katter vi vill sl\u00e5 h\u00e5l p\u00e5 n\u00e5gra.<\/p>\n\n\n\n<p>1. Katter klarar sig i det vilda<\/p>\n\n\n\n<p>M\u00e5nga tror dessv\u00e4rre att katter, till skillnad fr\u00e5n hundar, klarar sig sj\u00e4lva ute det vilda. Men det st\u00e4mmer inte. \u00c4ven katter \u00e4r domesticerade och beh\u00f6ver oss m\u00e4nniskor f\u00f6r att klara sig. Trots detta finns \u00f6ver 100 000 heml\u00f6sa katter i Sverige. Heml\u00f6sa katter har ett h\u00e5rt liv med sjukdomar, skador och brist p\u00e5 mat.<\/p>\n\n\n\n<p>2. Katter i det vilda klarar sig p\u00e5 att jaga m\u00f6ss\/r\u00e5ttor. D\u00e5 ska de jaga och \u00e4ta 89 m\u00f6ss om dagen, orimligt.<\/p>\n\n\n\n<p>3. Katter klarar upp till 20 minusgrader.<\/p>\n\n\n\n<p>En katt ute i s\u00e5n kyla riskerar att f\u00f6rfrysa tassar, och \u00f6ron samt att all energi kommer g\u00e5 \u00e5t f\u00f6r att h\u00e5lla sig varma. Med andra ord. De kommer bli magra och bli sjuka.<\/p>\n\n\n\n<p>Vikten av att veta hur noga det \u00e4r att larma i tid! Ser man en katt magra av som man iakttagit en tid och \u00e4r heml\u00f6s, v\u00e4nta inte med att kontakta n\u00e4rmsta djurskydd!<\/p>\n\n\n\n<p>En katt som magrar av \u00e4r farligt, de inre organen tar skada oerh\u00f6rt snabbt. Och d\u00e5 blir det en pl\u00e5gsam d\u00f6d i form av att det bildas giftig gas och den f\u00f6rs till hj\u00e4rnan och slutar oftast med att katten krampar till d\u00f6ds. Kontakta omg\u00e5ende ett djurskydd vid avmagrad katt.<\/p>\n\n\n\n<p>Vi har jobbat med detta i m\u00e5nga \u00e5r, och varje \u00e5r s\u00e4ger vi samma sak:<\/p>\n\n\n\n<p>&#8221;Det h\u00e4r \u00e4r det v\u00e4rsta \u00e5ret hitills&#8221;<\/p>\n\n\n\n<p>Men oj vad bl\u00e5\u00f6gda vi \u00e4r. F\u00f6r varje \u00e5r blir bara v\u00e4rre och v\u00e4rre. Kattens status ska h\u00f6jas, men inget sker.<\/p>\n\n\n\n<p>Det kommer en ny lag den 1\/1-2023 att alla katter ska vara m\u00e4rkta. Den lagen har vi v\u00e4ntat p\u00e5!<\/p>\n\n\n\n<p>En heml\u00f6s katt har lika stor r\u00e4ttighet som vilken katt som helst att f\u00e5 k\u00e4rlek, omtanke och tillsyn. Bli \u00e4lskad.<\/p>\n\n\n\n<p>100000 heml\u00f6sa katter, \u00e4r 100000 f\u00f6r mycket heml\u00f6sa katter. <img loading=\"lazy\" decoding=\"async\" height=\"16\" width=\"16\" alt=\"?\" src=\"https:\/\/static.xx.fbcdn.net\/images\/emoji.php\/v9\/t99\/1.5\/16\/1f62d.png\"><\/p>\n\n\n\n<p>Vi vill p\u00e5peka, en heml\u00f6s katt beh\u00f6ver hj\u00e4lp. En hj\u00e4lp d\u00e4r vi finns. Och d\u00e4r ni finns.<\/p>\n\n\n\n<p>Alla kan hj\u00e4lpas \u00e5t <img loading=\"lazy\" decoding=\"async\" height=\"16\" width=\"16\" alt=\"?\" src=\"https:\/\/static.xx.fbcdn.net\/images\/emoji.php\/v9\/tc3\/1.5\/16\/1f497.png\"><\/p>\n\n\n\n<p>P\u00e5 bilderna ser ni ett litet litet urval av de heml\u00f6sa katterna vi f\u00e5r larm om.<\/p>\n\n\n\n<p>En bild d\u00e4r en Mamma och 6 ungar levde farligt p\u00e5 en soptipp och riskerade att bli krossade, MEN r\u00e5diga anst\u00e4llda larmade och efter lite tid och energi gick de in i f\u00e4llor.<\/p>\n\n\n\n<p>Att larma oss \u00e4r det b\u00e4sta ni kan g\u00f6ra, s\u00e5 g\u00f6r vi s\u00e5 gott vi kan med de resurser vi har.<\/p>\n\n\n\n<p>S\u00e5 denna veckan, och alla andra veckor uppm\u00e4rksammar vi heml\u00f6sa katter. Och ni med <img loading=\"lazy\" decoding=\"async\" height=\"16\" width=\"16\" alt=\"?\" src=\"https:\/\/static.xx.fbcdn.net\/images\/emoji.php\/v9\/tb0\/1.5\/16\/1f609.png\"><\/p>\n\n\n\n<p>Hj\u00e4lp finns. Om man hj\u00e4lps \u00e5t.<img loading=\"lazy\" decoding=\"async\" height=\"16\" width=\"16\" alt=\"?\" src=\"https:\/\/static.xx.fbcdn.net\/images\/emoji.php\/v9\/tf1\/1.5\/16\/1f49e.png\"><img loading=\"lazy\" decoding=\"async\" height=\"16\" width=\"16\" alt=\"?\" src=\"https:\/\/static.xx.fbcdn.net\/images\/emoji.php\/v9\/tbf\/1.5\/16\/1f493.png\"><\/p>\n\n\n\n<p>Vi tar g\u00e4rna emot donationer f\u00f6r att kunna forts\u00e4tta k\u00e4mpa f\u00f6r de heml\u00f6sa katterna.<\/p>\n\n\n\n<p>Bankgiro: 5479-8798<\/p>\n\n\n\n<p>Swish 0708190350 (Eva Lundgren)<\/p>\n\n\n\n<figure class=\"wp-block-image size-full\"><img loading=\"lazy\" decoding=\"async\" width=\"1024\" height=\"883\" src=\"https:\/\/www.djurskyddet.se\/kattfotenhalmstad\/wp-content\/uploads\/sites\/35\/2022\/10\/inlg.jpg\" alt=\"\" class=\"wp-image-13804\" srcset=\"https:\/\/www.djurskyddet.se\/kattfotenhalmstad\/wp-content\/uploads\/sites\/35\/2022\/10\/inlg.jpg 1024w, https:\/\/www.djurskyddet.se\/kattfotenhalmstad\/wp-content\/uploads\/sites\/35\/2022\/10\/inlg-300x259.jpg 300w, https:\/\/www.djurskyddet.se\/kattfotenhalmstad\/wp-content\/uploads\/sites\/35\/2022\/10\/inlg-768x662.jpg 768w, https:\/\/www.djurskyddet.se\/kattfotenhalmstad\/wp-content\/uploads\/sites\/35\/2022\/10\/inlg-400x345.jpg 400w\" sizes=\"auto, (max-width: 1024px) 100vw, 1024px\" \/><\/figure>\n","protected":false},"excerpt":{"rendered":"<p>Heml\u00f6sa katters vecka denna vecka. Vi hade velat ha denna veckan \u00e5rets alla dagar f\u00f6r att uppm\u00e4rksamma alla heml\u00f6sa katter. Det \u00e4r s\u00e5 tragiskt att man ska beh\u00f6va ha det, men det \u00e4r oerh\u00f6rt viktigt att uppm\u00e4rksamma detta samh\u00e4llsproblem. Det finns m\u00e5nga myter kring heml\u00f6sa katter vi vill sl\u00e5 h\u00e5l p\u00e5 n\u00e5gra. 1. Katter klarar sig i det vilda M\u00e5nga tror dessv\u00e4rre att katter, till skillnad fr\u00e5n hundar, klarar sig&hellip;<\/p>\n<p><a class=\"more-link\" href=\"https:\/\/www.djurskyddet.se\/kattfotenhalmstad\/aktuellt\/hemlosa-katters-vecka-2\/\" title=\"Continue reading &lsquo;Heml\u00f6sa katters vecka&rsquo;\">L&auml;s mer<span class=\"meta-nav\">&raquo;<\/span><\/a><\/p>\n","protected":false},"author":55,"featured_media":13804,"comment_status":"closed","ping_status":"open","sticky":false,"template":"","format":"standard","meta":{"_acf_changed":false,"footnotes":""},"categories":[18],"tags":[],"class_list":["post-13803","post","type-post","status-publish","format-standard","has-post-thumbnail","hentry","category-aktuellt"],"acf":[],"_links":{"self":[{"href":"https:\/\/www.djurskyddet.se\/kattfotenhalmstad\/wp-json\/wp\/v2\/posts\/13803","targetHints":{"allow":["GET"]}}],"collection":[{"href":"https:\/\/www.djurskyddet.se\/kattfotenhalmstad\/wp-json\/wp\/v2\/posts"}],"about":[{"href":"https:\/\/www.djurskyddet.se\/kattfotenhalmstad\/wp-json\/wp\/v2\/types\/post"}],"author":[{"embeddable":true,"href":"https:\/\/www.djurskyddet.se\/kattfotenhalmstad\/wp-json\/wp\/v2\/users\/55"}],"replies":[{"embeddable":true,"href":"https:\/\/www.djurskyddet.se\/kattfotenhalmstad\/wp-json\/wp\/v2\/comments?post=13803"}],"version-history":[{"count":1,"href":"https:\/\/www.djurskyddet.se\/kattfotenhalmstad\/wp-json\/wp\/v2\/posts\/13803\/revisions"}],"predecessor-version":[{"id":13805,"href":"https:\/\/www.djurskyddet.se\/kattfotenhalmstad\/wp-json\/wp\/v2\/posts\/13803\/revisions\/13805"}],"wp:featuredmedia":[{"embeddable":true,"href":"https:\/\/www.djurskyddet.se\/kattfotenhalmstad\/wp-json\/wp\/v2\/media\/13804"}],"wp:attachment":[{"href":"https:\/\/www.djurskyddet.se\/kattfotenhalmstad\/wp-json\/wp\/v2\/media?parent=13803"}],"wp:term":[{"taxonomy":"category","embeddable":true,"href":"https:\/\/www.djurskyddet.se\/kattfotenhalmstad\/wp-json\/wp\/v2\/categories?post=13803"},{"taxonomy":"post_tag","embeddable":true,"href":"https:\/\/www.djurskyddet.se\/kattfotenhalmstad\/wp-json\/wp\/v2\/tags?post=13803"}],"curies":[{"name":"wp","href":"https:\/\/api.w.org\/{rel}","templated":true}]}}