{"id":14186,"date":"2023-05-11T08:02:59","date_gmt":"2023-05-11T08:02:59","guid":{"rendered":"https:\/\/www.djurskyddet.se\/kattfotenhalmstad\/?p=14186"},"modified":"2023-05-11T08:02:59","modified_gmt":"2023-05-11T08:02:59","slug":"skadegorelse-pa-kattfoten","status":"publish","type":"post","link":"https:\/\/www.djurskyddet.se\/kattfotenhalmstad\/aktuellt\/skadegorelse-pa-kattfoten\/","title":{"rendered":"Skadeg\u00f6relse p\u00e5 Kattfoten"},"content":{"rendered":"\n<p>Sent p\u00e5 s\u00f6ndag kv\u00e4ll den 7 maj fick vi ett meddelande om att en ruta i v\u00e5ra lokaler krossats. Dagen efter d\u00f6k de ansvariga upp igen f\u00f6r att forts\u00e4tta med sin skadeg\u00f6relse. Det hoppades p\u00e5 taken till v\u00e5ra burar och skr\u00e4mde b\u00e5de katter och personal. Stenar kastades in p\u00e5 g\u00e5rden och tr\u00e4ffade en i personalen. Personerna togs p\u00e5 bar g\u00e4rning men kunde dessv\u00e4rre inte h\u00e5llas kvar d\u00e5 polisen inte kom.<\/p>\n\n\n\n<p>Det har sen kommit fram att personerna som orsakat on\u00f6dig stress och r\u00e4dsla f\u00f6r v\u00e5ra katter och oro hos personal \u00e4r elever p\u00e5 en n\u00e4rliggande skola. Rektorn har kontaktats och t\u00e4nker ta itu med problemet.<\/p>\n\n\n\n<p><\/p>\n\n\n\n<p>Vi vill ge ett stort tack f\u00f6r allt st\u00f6d som visats av v\u00e5ra f\u00f6ljare och v\u00e4nner. Och \u00e4ven tacka Halmstad Kommun som kvickt vidtagit \u00e5tg\u00e4rder f\u00f6r att st\u00e4rka s\u00e4kerheten runt katthemmet.<\/p>\n\n\n\n<p><\/p>\n\n\n<div class=\"wp-block-image\">\n<figure class=\"aligncenter size-full\"><img loading=\"lazy\" decoding=\"async\" width=\"754\" height=\"783\" src=\"https:\/\/www.djurskyddet.se\/kattfotenhalmstad\/wp-content\/uploads\/sites\/35\/2023\/05\/image.jpg\" alt=\"\" class=\"wp-image-14187\" srcset=\"https:\/\/www.djurskyddet.se\/kattfotenhalmstad\/wp-content\/uploads\/sites\/35\/2023\/05\/image.jpg 754w, https:\/\/www.djurskyddet.se\/kattfotenhalmstad\/wp-content\/uploads\/sites\/35\/2023\/05\/image-289x300.jpg 289w, https:\/\/www.djurskyddet.se\/kattfotenhalmstad\/wp-content\/uploads\/sites\/35\/2023\/05\/image-400x415.jpg 400w\" sizes=\"auto, (max-width: 754px) 100vw, 754px\" \/><figcaption class=\"wp-element-caption\"><em><strong>Inl\u00e4gg fr\u00e5n v\u00e5r Facebook-sida<\/strong><\/em><\/figcaption><\/figure><\/div>","protected":false},"excerpt":{"rendered":"<p>Sent p\u00e5 s\u00f6ndag kv\u00e4ll den 7 maj fick vi ett meddelande om att en ruta i v\u00e5ra lokaler krossats. Dagen efter d\u00f6k de ansvariga upp igen f\u00f6r att forts\u00e4tta med sin skadeg\u00f6relse. Det hoppades p\u00e5 taken till v\u00e5ra burar och skr\u00e4mde b\u00e5de katter och personal. Stenar kastades in p\u00e5 g\u00e5rden och tr\u00e4ffade en i personalen. Personerna togs p\u00e5 bar g\u00e4rning men kunde dessv\u00e4rre inte h\u00e5llas kvar d\u00e5 polisen inte kom.&hellip;<\/p>\n<p><a class=\"more-link\" href=\"https:\/\/www.djurskyddet.se\/kattfotenhalmstad\/aktuellt\/skadegorelse-pa-kattfoten\/\" title=\"Continue reading &lsquo;Skadeg\u00f6relse p\u00e5 Kattfoten&rsquo;\">L&auml;s mer<span class=\"meta-nav\">&raquo;<\/span><\/a><\/p>\n","protected":false},"author":55,"featured_media":14188,"comment_status":"closed","ping_status":"open","sticky":false,"template":"","format":"standard","meta":{"_acf_changed":false,"footnotes":""},"categories":[18],"tags":[],"class_list":["post-14186","post","type-post","status-publish","format-standard","has-post-thumbnail","hentry","category-aktuellt"],"acf":[],"_links":{"self":[{"href":"https:\/\/www.djurskyddet.se\/kattfotenhalmstad\/wp-json\/wp\/v2\/posts\/14186","targetHints":{"allow":["GET"]}}],"collection":[{"href":"https:\/\/www.djurskyddet.se\/kattfotenhalmstad\/wp-json\/wp\/v2\/posts"}],"about":[{"href":"https:\/\/www.djurskyddet.se\/kattfotenhalmstad\/wp-json\/wp\/v2\/types\/post"}],"author":[{"embeddable":true,"href":"https:\/\/www.djurskyddet.se\/kattfotenhalmstad\/wp-json\/wp\/v2\/users\/55"}],"replies":[{"embeddable":true,"href":"https:\/\/www.djurskyddet.se\/kattfotenhalmstad\/wp-json\/wp\/v2\/comments?post=14186"}],"version-history":[{"count":1,"href":"https:\/\/www.djurskyddet.se\/kattfotenhalmstad\/wp-json\/wp\/v2\/posts\/14186\/revisions"}],"predecessor-version":[{"id":14189,"href":"https:\/\/www.djurskyddet.se\/kattfotenhalmstad\/wp-json\/wp\/v2\/posts\/14186\/revisions\/14189"}],"wp:featuredmedia":[{"embeddable":true,"href":"https:\/\/www.djurskyddet.se\/kattfotenhalmstad\/wp-json\/wp\/v2\/media\/14188"}],"wp:attachment":[{"href":"https:\/\/www.djurskyddet.se\/kattfotenhalmstad\/wp-json\/wp\/v2\/media?parent=14186"}],"wp:term":[{"taxonomy":"category","embeddable":true,"href":"https:\/\/www.djurskyddet.se\/kattfotenhalmstad\/wp-json\/wp\/v2\/categories?post=14186"},{"taxonomy":"post_tag","embeddable":true,"href":"https:\/\/www.djurskyddet.se\/kattfotenhalmstad\/wp-json\/wp\/v2\/tags?post=14186"}],"curies":[{"name":"wp","href":"https:\/\/api.w.org\/{rel}","templated":true}]}}