{"id":14263,"date":"2023-08-19T20:09:17","date_gmt":"2023-08-19T20:09:17","guid":{"rendered":"https:\/\/www.djurskyddet.se\/kattfotenhalmstad\/?p=14263"},"modified":"2023-08-19T20:09:18","modified_gmt":"2023-08-19T20:09:18","slug":"hemlosa-djurs-dag","status":"publish","type":"post","link":"https:\/\/www.djurskyddet.se\/kattfotenhalmstad\/aktuellt\/hemlosa-djurs-dag\/","title":{"rendered":"Heml\u00f6sa djurs dag"},"content":{"rendered":"\n<p>Idag \u00e4r det alla heml\u00f6sa djurs dag.<\/p>\n\n\n\n<p>Vi \u00e4r lite sena p\u00e5 inl\u00e4gg d\u00e5 vi har enormt mycket att g\u00f6ra.<\/p>\n\n\n\n<p>Vi skriver om just katterna.<\/p>\n\n\n\n<p>En dag d\u00e5 vi ska stanna upp, t\u00e4nka och fundera p\u00e5 vad just DU, JAG, VI kan g\u00f6ra f\u00f6r alla dessa katter.. Katter som \u00e4r o\u00f6nskade och sl\u00e4ngs ut. Katter som f\u00f6rlorat sin matte eller husse och inte lyckats f\u00e5 nytt hem.<\/p>\n\n\n\n<p>En heml\u00f6s katt klarar sig inte. En heml\u00f6s katt \u00e4ter sig inte m\u00e4tt p\u00e5 bara m\u00f6ss, r\u00e5ttor och f\u00e5glar. En heml\u00f6s katt \u00e4r v\u00e4rnl\u00f6s.<\/p>\n\n\n\n<p>Vi ska inte beh\u00f6va ha en dag som uppm\u00e4rksammar detta. Detta problemet borde inte finnas 2023. Men det har blivit v\u00e4rre \u00e4n n\u00e5gonsin. Vi vill att ni tittar p\u00e5 bilderna. Se hur de heml\u00f6sa katterna till slut har det n\u00e4r de inte orkar k\u00e4mpa lika h\u00e5rt.<\/p>\n\n\n\n<p>Ser ni en heml\u00f6s, mager ledsen katt.<\/p>\n\n\n\n<p>Agera!<\/p>\n\n\n\n<p>Det \u00e4r sorgligt att det finns en s\u00e5n h\u00e4r dag<img loading=\"lazy\" decoding=\"async\" height=\"16\" width=\"16\" alt=\"?\" src=\"https:\/\/static.xx.fbcdn.net\/images\/emoji.php\/v9\/t99\/1.5\/16\/1f62d.png\"><\/p>\n\n\n\n<p>Men sanningen \u00e4r, uppm\u00e4rksamma dem, agera, \u00f6mma f\u00f6r dem.<\/p>\n\n\n\n<p>G\u00e5 inte bara f\u00f6rbi.<\/p>\n\n\n\n<p>Vi t\u00e4nker p\u00e5 alla v\u00e4rnl\u00f6sa heml\u00f6sa katter. Och vi f\u00f6rs\u00f6ker \u00e4ndra p\u00e5 det.<\/p>\n\n\n\n<p>Men 2023 har det exploderat av heml\u00f6sa, o\u00f6nskade katter <img loading=\"lazy\" decoding=\"async\" height=\"16\" width=\"16\" src=\"https:\/\/static.xx.fbcdn.net\/images\/emoji.php\/v9\/tcc\/1.5\/16\/1f979.png\" alt=\"?\"><img loading=\"lazy\" decoding=\"async\" height=\"16\" width=\"16\" src=\"https:\/\/static.xx.fbcdn.net\/images\/emoji.php\/v9\/tcc\/1.5\/16\/1f979.png\" alt=\"?\"><\/p>\n\n\n\n<figure class=\"wp-block-image size-full\"><img loading=\"lazy\" decoding=\"async\" width=\"768\" height=\"960\" src=\"https:\/\/www.djurskyddet.se\/kattfotenhalmstad\/wp-content\/uploads\/sites\/35\/2023\/08\/inl.jpg\" alt=\"\" class=\"wp-image-14264\" srcset=\"https:\/\/www.djurskyddet.se\/kattfotenhalmstad\/wp-content\/uploads\/sites\/35\/2023\/08\/inl.jpg 768w, https:\/\/www.djurskyddet.se\/kattfotenhalmstad\/wp-content\/uploads\/sites\/35\/2023\/08\/inl-240x300.jpg 240w, https:\/\/www.djurskyddet.se\/kattfotenhalmstad\/wp-content\/uploads\/sites\/35\/2023\/08\/inl-400x500.jpg 400w\" sizes=\"auto, (max-width: 768px) 100vw, 768px\" \/><\/figure>\n","protected":false},"excerpt":{"rendered":"<p>Idag \u00e4r det alla heml\u00f6sa djurs dag. Vi \u00e4r lite sena p\u00e5 inl\u00e4gg d\u00e5 vi har enormt mycket att g\u00f6ra. Vi skriver om just katterna. En dag d\u00e5 vi ska stanna upp, t\u00e4nka och fundera p\u00e5 vad just DU, JAG, VI kan g\u00f6ra f\u00f6r alla dessa katter.. Katter som \u00e4r o\u00f6nskade och sl\u00e4ngs ut. Katter som f\u00f6rlorat sin matte eller husse och inte lyckats f\u00e5 nytt hem. En heml\u00f6s katt&hellip;<\/p>\n<p><a class=\"more-link\" href=\"https:\/\/www.djurskyddet.se\/kattfotenhalmstad\/aktuellt\/hemlosa-djurs-dag\/\" title=\"Continue reading &lsquo;Heml\u00f6sa djurs dag&rsquo;\">L&auml;s mer<span class=\"meta-nav\">&raquo;<\/span><\/a><\/p>\n","protected":false},"author":55,"featured_media":14265,"comment_status":"closed","ping_status":"open","sticky":false,"template":"","format":"standard","meta":{"_acf_changed":false,"footnotes":""},"categories":[18],"tags":[],"class_list":["post-14263","post","type-post","status-publish","format-standard","has-post-thumbnail","hentry","category-aktuellt"],"acf":[],"_links":{"self":[{"href":"https:\/\/www.djurskyddet.se\/kattfotenhalmstad\/wp-json\/wp\/v2\/posts\/14263","targetHints":{"allow":["GET"]}}],"collection":[{"href":"https:\/\/www.djurskyddet.se\/kattfotenhalmstad\/wp-json\/wp\/v2\/posts"}],"about":[{"href":"https:\/\/www.djurskyddet.se\/kattfotenhalmstad\/wp-json\/wp\/v2\/types\/post"}],"author":[{"embeddable":true,"href":"https:\/\/www.djurskyddet.se\/kattfotenhalmstad\/wp-json\/wp\/v2\/users\/55"}],"replies":[{"embeddable":true,"href":"https:\/\/www.djurskyddet.se\/kattfotenhalmstad\/wp-json\/wp\/v2\/comments?post=14263"}],"version-history":[{"count":1,"href":"https:\/\/www.djurskyddet.se\/kattfotenhalmstad\/wp-json\/wp\/v2\/posts\/14263\/revisions"}],"predecessor-version":[{"id":14266,"href":"https:\/\/www.djurskyddet.se\/kattfotenhalmstad\/wp-json\/wp\/v2\/posts\/14263\/revisions\/14266"}],"wp:featuredmedia":[{"embeddable":true,"href":"https:\/\/www.djurskyddet.se\/kattfotenhalmstad\/wp-json\/wp\/v2\/media\/14265"}],"wp:attachment":[{"href":"https:\/\/www.djurskyddet.se\/kattfotenhalmstad\/wp-json\/wp\/v2\/media?parent=14263"}],"wp:term":[{"taxonomy":"category","embeddable":true,"href":"https:\/\/www.djurskyddet.se\/kattfotenhalmstad\/wp-json\/wp\/v2\/categories?post=14263"},{"taxonomy":"post_tag","embeddable":true,"href":"https:\/\/www.djurskyddet.se\/kattfotenhalmstad\/wp-json\/wp\/v2\/tags?post=14263"}],"curies":[{"name":"wp","href":"https:\/\/api.w.org\/{rel}","templated":true}]}}