{"id":14274,"date":"2023-09-02T18:29:34","date_gmt":"2023-09-02T18:29:34","guid":{"rendered":"https:\/\/www.djurskyddet.se\/kattfotenhalmstad\/?p=14274"},"modified":"2023-09-02T18:29:35","modified_gmt":"2023-09-02T18:29:35","slug":"handelser-under-2023","status":"publish","type":"post","link":"https:\/\/www.djurskyddet.se\/kattfotenhalmstad\/aktuellt\/handelser-under-2023\/","title":{"rendered":"H\u00e4ndelser under 2023"},"content":{"rendered":"\n<p>Detta \u00e5ret \u00e4r katastrofalt!<\/p>\n\n\n\n<p>Vi har nog aldrig haft s\u00e5 mycket dr\u00e4ktiga katter och kattfamiljer.<\/p>\n\n\n\n<p>Eller o\u00f6nskade katter som n\u00e4r de b\u00f6rjat bli vuxna s\u00e5 \u00e5ker de ut. <a><\/a>Antingen \u00e4r det allergi, eller att en del ska flytta tillbaks till sitt hemland.<\/p>\n\n\n\n<p>Och ingen tid f\u00e5r vi p\u00e5 oss heller.<\/p>\n\n\n\n<p>Eller s\u00e5 kommer de med katter i l\u00e5dor eller i b\u00e4sta fall burar. Bara knallar in och &#8221;H\u00e4r, vi vill inte ha&#8221;<\/p>\n\n\n\n<p>V\u00e5ra kostnader har skenat ordentligt. L\u00e4get \u00e4r mycket allvarligt f\u00f6r oss, om vi ska klara 2024 eller inte. S\u00e5 \u00e4r l\u00e4get.<\/p>\n\n\n\n<p>S\u00e5 mycket o\u00f6nskade katter&#8230;. sl\u00e4ngs ut som sopor n\u00e4r de inte \u00e4r roliga l\u00e4ngre.<\/p>\n\n\n\n<p>Eller att de kommer p\u00e5 att det kostar pengar. Eller ska p\u00e5 semester. Eller det var inte s\u00e5 kul som man trodde. Man skaffar en hund som inte gillar katten. D\u00e5 \u00e5ker katten ut med huvudet f\u00f6re&#8230;.<\/p>\n\n\n\n<p>Katter som skadat sig \u00e5ker ut, enklast s\u00e5 f\u00f6r har man ingen f\u00f6rs\u00e4kring blir det dyrt&#8230; eller s\u00e5 dumpas de hos oss och vi st\u00e5r med r\u00e4kningar p\u00e5 20-30000 f\u00f6r en katt som dumpas skadad &#8230;..<\/p>\n\n\n\n<p>Det har eskalerat kopi\u00f6st.<\/p>\n\n\n\n<p>Vi beh\u00f6vs, men kommer vi klara att finnas kvar f\u00f6r detta n\u00e4r allt g\u00e5tt \u00f6ver styr med skenande kostnader.<\/p>\n\n\n\n<p>En dr\u00e4ktig hona resulterar oftast i 5-6 katter till&#8230; men det t\u00e4nks inte p\u00e5.<\/p>\n\n\n\n<p>Vi m\u00e5ste ta krafttag mot detta.<\/p>\n\n\n\n<p>Att sen polisen sviker r\u00e4ttvisan, lagen.<\/p>\n\n\n\n<p>De har inte tid att ta anm\u00e4lan p\u00e5 Kristoffers \u00e4gare, fast vittne och erk\u00e4nnande finns&#8230; f\u00f6r det \u00e4r ju bara en katt&#8230; s\u00e5&#8230;. r\u00e4ttsv\u00e4sendet beg\u00e5r lagbrott&#8230;<\/p>\n\n\n\n<p>Vi k\u00e4mpar, men djurpl\u00e5geri g\u00f6rs inget \u00e5t. F\u00f6r det \u00e4r ju bara en katt&#8230;..<\/p>\n\n\n\n<p>Vi m\u00e5ste agera!<\/p>\n\n\n\n<p>Vi m\u00e5ste stoppa politikers \u00f6gonlappar!<\/p>\n\n\n\n<p>Polisen m\u00e5ste anm\u00e4las!<\/p>\n\n\n\n<p>Detta \u00e4r bara ett urval av det sista<\/p>\n\n\n\n<p>De tv\u00e5 i rosa v\u00e4skan kom de bara med f\u00f6r de skulle bli utvisade. Inga platser&#8230;.<\/p>\n\n\n\n<p>Vad g\u00f6r man?<\/p>\n\n\n\n<figure class=\"wp-block-gallery has-nested-images columns-default is-cropped wp-block-gallery-1 is-layout-flex wp-block-gallery-is-layout-flex\">\n<figure class=\"wp-block-image size-full\"><img loading=\"lazy\" decoding=\"async\" width=\"691\" height=\"863\" data-id=\"14275\" src=\"https:\/\/www.djurskyddet.se\/kattfotenhalmstad\/wp-content\/uploads\/sites\/35\/2023\/09\/rep.jpg\" alt=\"\" class=\"wp-image-14275\" srcset=\"https:\/\/www.djurskyddet.se\/kattfotenhalmstad\/wp-content\/uploads\/sites\/35\/2023\/09\/rep.jpg 691w, https:\/\/www.djurskyddet.se\/kattfotenhalmstad\/wp-content\/uploads\/sites\/35\/2023\/09\/rep-240x300.jpg 240w, https:\/\/www.djurskyddet.se\/kattfotenhalmstad\/wp-content\/uploads\/sites\/35\/2023\/09\/rep-400x500.jpg 400w\" sizes=\"auto, (max-width: 691px) 100vw, 691px\" \/><\/figure>\n\n\n\n<figure class=\"wp-block-image size-full\"><img loading=\"lazy\" decoding=\"async\" width=\"768\" height=\"960\" data-id=\"14277\" src=\"https:\/\/www.djurskyddet.se\/kattfotenhalmstad\/wp-content\/uploads\/sites\/35\/2023\/09\/rep2.jpg\" alt=\"\" class=\"wp-image-14277\" srcset=\"https:\/\/www.djurskyddet.se\/kattfotenhalmstad\/wp-content\/uploads\/sites\/35\/2023\/09\/rep2.jpg 768w, https:\/\/www.djurskyddet.se\/kattfotenhalmstad\/wp-content\/uploads\/sites\/35\/2023\/09\/rep2-240x300.jpg 240w, https:\/\/www.djurskyddet.se\/kattfotenhalmstad\/wp-content\/uploads\/sites\/35\/2023\/09\/rep2-400x500.jpg 400w\" sizes=\"auto, (max-width: 768px) 100vw, 768px\" \/><\/figure>\n\n\n\n<figure class=\"wp-block-image size-full\"><img loading=\"lazy\" decoding=\"async\" width=\"768\" height=\"960\" data-id=\"14278\" src=\"https:\/\/www.djurskyddet.se\/kattfotenhalmstad\/wp-content\/uploads\/sites\/35\/2023\/09\/rep3.jpg\" alt=\"\" class=\"wp-image-14278\" srcset=\"https:\/\/www.djurskyddet.se\/kattfotenhalmstad\/wp-content\/uploads\/sites\/35\/2023\/09\/rep3.jpg 768w, https:\/\/www.djurskyddet.se\/kattfotenhalmstad\/wp-content\/uploads\/sites\/35\/2023\/09\/rep3-240x300.jpg 240w, https:\/\/www.djurskyddet.se\/kattfotenhalmstad\/wp-content\/uploads\/sites\/35\/2023\/09\/rep3-400x500.jpg 400w\" sizes=\"auto, (max-width: 768px) 100vw, 768px\" \/><\/figure>\n\n\n\n<figure class=\"wp-block-image size-full\"><img loading=\"lazy\" decoding=\"async\" width=\"768\" height=\"960\" data-id=\"14276\" src=\"https:\/\/www.djurskyddet.se\/kattfotenhalmstad\/wp-content\/uploads\/sites\/35\/2023\/09\/rep4.jpg\" alt=\"\" class=\"wp-image-14276\" srcset=\"https:\/\/www.djurskyddet.se\/kattfotenhalmstad\/wp-content\/uploads\/sites\/35\/2023\/09\/rep4.jpg 768w, https:\/\/www.djurskyddet.se\/kattfotenhalmstad\/wp-content\/uploads\/sites\/35\/2023\/09\/rep4-240x300.jpg 240w, https:\/\/www.djurskyddet.se\/kattfotenhalmstad\/wp-content\/uploads\/sites\/35\/2023\/09\/rep4-400x500.jpg 400w\" sizes=\"auto, (max-width: 768px) 100vw, 768px\" \/><\/figure>\n<\/figure>\n\n\n\n<p><em>Text fr\u00e5n v\u00e5r Facebooksida (https:\/\/www.facebook.com\/kattfoten.se\/posts\/pfbid02JKHnGjZQK44ZPQqQFmN2PdWLbqNPMWNv1yApp9DF6LTbPoo3pyAVUYJ5pZnJ498Ul)<\/em><\/p>\n","protected":false},"excerpt":{"rendered":"<p>Detta \u00e5ret \u00e4r katastrofalt! Vi har nog aldrig haft s\u00e5 mycket dr\u00e4ktiga katter och kattfamiljer. Eller o\u00f6nskade katter som n\u00e4r de b\u00f6rjat bli vuxna s\u00e5 \u00e5ker de ut. Antingen \u00e4r det allergi, eller att en del ska flytta tillbaks till sitt hemland. Och ingen tid f\u00e5r vi p\u00e5 oss heller. Eller s\u00e5 kommer de med katter i l\u00e5dor eller i b\u00e4sta fall burar. Bara knallar in och &#8221;H\u00e4r, vi vill&hellip;<\/p>\n<p><a class=\"more-link\" href=\"https:\/\/www.djurskyddet.se\/kattfotenhalmstad\/aktuellt\/handelser-under-2023\/\" title=\"Continue reading &lsquo;H\u00e4ndelser under 2023&rsquo;\">L&auml;s mer<span class=\"meta-nav\">&raquo;<\/span><\/a><\/p>\n","protected":false},"author":55,"featured_media":14277,"comment_status":"closed","ping_status":"open","sticky":false,"template":"","format":"standard","meta":{"_acf_changed":false,"footnotes":""},"categories":[18],"tags":[],"class_list":["post-14274","post","type-post","status-publish","format-standard","has-post-thumbnail","hentry","category-aktuellt"],"acf":[],"_links":{"self":[{"href":"https:\/\/www.djurskyddet.se\/kattfotenhalmstad\/wp-json\/wp\/v2\/posts\/14274","targetHints":{"allow":["GET"]}}],"collection":[{"href":"https:\/\/www.djurskyddet.se\/kattfotenhalmstad\/wp-json\/wp\/v2\/posts"}],"about":[{"href":"https:\/\/www.djurskyddet.se\/kattfotenhalmstad\/wp-json\/wp\/v2\/types\/post"}],"author":[{"embeddable":true,"href":"https:\/\/www.djurskyddet.se\/kattfotenhalmstad\/wp-json\/wp\/v2\/users\/55"}],"replies":[{"embeddable":true,"href":"https:\/\/www.djurskyddet.se\/kattfotenhalmstad\/wp-json\/wp\/v2\/comments?post=14274"}],"version-history":[{"count":1,"href":"https:\/\/www.djurskyddet.se\/kattfotenhalmstad\/wp-json\/wp\/v2\/posts\/14274\/revisions"}],"predecessor-version":[{"id":14279,"href":"https:\/\/www.djurskyddet.se\/kattfotenhalmstad\/wp-json\/wp\/v2\/posts\/14274\/revisions\/14279"}],"wp:featuredmedia":[{"embeddable":true,"href":"https:\/\/www.djurskyddet.se\/kattfotenhalmstad\/wp-json\/wp\/v2\/media\/14277"}],"wp:attachment":[{"href":"https:\/\/www.djurskyddet.se\/kattfotenhalmstad\/wp-json\/wp\/v2\/media?parent=14274"}],"wp:term":[{"taxonomy":"category","embeddable":true,"href":"https:\/\/www.djurskyddet.se\/kattfotenhalmstad\/wp-json\/wp\/v2\/categories?post=14274"},{"taxonomy":"post_tag","embeddable":true,"href":"https:\/\/www.djurskyddet.se\/kattfotenhalmstad\/wp-json\/wp\/v2\/tags?post=14274"}],"curies":[{"name":"wp","href":"https:\/\/api.w.org\/{rel}","templated":true}]}}