{"id":14622,"date":"2024-06-19T09:17:22","date_gmt":"2024-06-19T09:17:22","guid":{"rendered":"https:\/\/www.djurskyddet.se\/kattfotenhalmstad\/?p=14622"},"modified":"2024-06-19T09:17:36","modified_gmt":"2024-06-19T09:17:36","slug":"vi-soker-jourhem","status":"publish","type":"post","link":"https:\/\/www.djurskyddet.se\/kattfotenhalmstad\/aktuellt\/vi-soker-jourhem\/","title":{"rendered":"Vi s\u00f6ker jourhem!"},"content":{"rendered":"\n<p>Nu \u00e4r den d\u00e4r tiden p\u00e5 \u00e5ret d\u00e5 m\u00e5nga blir &#8221;allergiska&#8221; mot sina katter de haft ett bra tag.<\/p>\n\n\n\n<p>T.o.m flera \u00e5r. Vi ser m\u00f6nstret varje \u00e5r n\u00e4r semester n\u00e4rmar sig.<\/p>\n\n\n\n<p>M\u00e5nga katter blir utest\u00e4ngda och l\u00e4mnas till sitt \u00f6de.<\/p>\n\n\n\n<p><a><\/a>M\u00e5nga katter far illa och blir magra utan hj\u00e4lp. Tyv\u00e4rr s\u00e5 larmas det alltid n\u00e4r l\u00e4get blir kritiskt.<\/p>\n\n\n\n<p>Vi vill hj\u00e4lpa varenda katt, men det g\u00e5r ju inte <img loading=\"lazy\" decoding=\"async\" height=\"16\" width=\"16\" alt=\"?\" src=\"https:\/\/static.xx.fbcdn.net\/images\/emoji.php\/v9\/t40\/1\/16\/1f62d.png\"> men vi f\u00f6rs\u00f6ker r\u00e4dda det vi kan.<\/p>\n\n\n\n<p>\u00c5ret b\u00f6rjade redan med kaos med katter som bara dumpades av p\u00e5 katthemmet, de st\u00e5r utanf\u00f6r med katter i vanliga v\u00e4skor, l\u00e5dor, i famnen. L\u00e5ter vi dem g\u00e5 d\u00e4rifr\u00e5n utan att hj\u00e4lpa katten\/katterna s\u00e5 dumpas de i parken. <img loading=\"lazy\" decoding=\"async\" height=\"16\" width=\"16\" alt=\"?\" src=\"https:\/\/static.xx.fbcdn.net\/images\/emoji.php\/v9\/t82\/1\/16\/1f92c.png\"><\/p>\n\n\n\n<p>Vi beh\u00f6ver jourhem!!<\/p>\n\n\n\n<p>Kan ni \/du t\u00e4nka er att vara jourhem s\u00e5 kontakta Mia s\u00e5 f\u00e5r ni all information.<\/p>\n\n\n\n<p>Ni ska st\u00e5 f\u00f6r k\u00e4rlek, omv\u00e5rdnad och tillsyn. <img loading=\"lazy\" decoding=\"async\" height=\"16\" width=\"16\" alt=\"?\" src=\"https:\/\/static.xx.fbcdn.net\/images\/emoji.php\/v9\/t6a\/1\/16\/1f497.png\"><\/p>\n\n\n\n<p>Sn\u00e4lla sn\u00e4lla hj\u00e4lp oss.<\/p>\n\n\n\n<p>Ring Mia 0700021277<\/p>\n","protected":false},"excerpt":{"rendered":"<p>Nu \u00e4r den d\u00e4r tiden p\u00e5 \u00e5ret d\u00e5 m\u00e5nga blir &#8221;allergiska&#8221; mot sina katter de haft ett bra tag. T.o.m flera \u00e5r. Vi ser m\u00f6nstret varje \u00e5r n\u00e4r semester n\u00e4rmar sig. M\u00e5nga katter blir utest\u00e4ngda och l\u00e4mnas till sitt \u00f6de. M\u00e5nga katter far illa och blir magra utan hj\u00e4lp. Tyv\u00e4rr s\u00e5 larmas det alltid n\u00e4r l\u00e4get blir kritiskt. Vi vill hj\u00e4lpa varenda katt, men det g\u00e5r ju inte men vi&hellip;<\/p>\n<p><a class=\"more-link\" href=\"https:\/\/www.djurskyddet.se\/kattfotenhalmstad\/aktuellt\/vi-soker-jourhem\/\" title=\"Continue reading &lsquo;Vi s\u00f6ker jourhem!&rsquo;\">L&auml;s mer<span class=\"meta-nav\">&raquo;<\/span><\/a><\/p>\n","protected":false},"author":55,"featured_media":13660,"comment_status":"closed","ping_status":"open","sticky":false,"template":"","format":"standard","meta":{"_acf_changed":false,"footnotes":""},"categories":[18],"tags":[],"class_list":["post-14622","post","type-post","status-publish","format-standard","has-post-thumbnail","hentry","category-aktuellt"],"acf":[],"_links":{"self":[{"href":"https:\/\/www.djurskyddet.se\/kattfotenhalmstad\/wp-json\/wp\/v2\/posts\/14622","targetHints":{"allow":["GET"]}}],"collection":[{"href":"https:\/\/www.djurskyddet.se\/kattfotenhalmstad\/wp-json\/wp\/v2\/posts"}],"about":[{"href":"https:\/\/www.djurskyddet.se\/kattfotenhalmstad\/wp-json\/wp\/v2\/types\/post"}],"author":[{"embeddable":true,"href":"https:\/\/www.djurskyddet.se\/kattfotenhalmstad\/wp-json\/wp\/v2\/users\/55"}],"replies":[{"embeddable":true,"href":"https:\/\/www.djurskyddet.se\/kattfotenhalmstad\/wp-json\/wp\/v2\/comments?post=14622"}],"version-history":[{"count":2,"href":"https:\/\/www.djurskyddet.se\/kattfotenhalmstad\/wp-json\/wp\/v2\/posts\/14622\/revisions"}],"predecessor-version":[{"id":14624,"href":"https:\/\/www.djurskyddet.se\/kattfotenhalmstad\/wp-json\/wp\/v2\/posts\/14622\/revisions\/14624"}],"wp:featuredmedia":[{"embeddable":true,"href":"https:\/\/www.djurskyddet.se\/kattfotenhalmstad\/wp-json\/wp\/v2\/media\/13660"}],"wp:attachment":[{"href":"https:\/\/www.djurskyddet.se\/kattfotenhalmstad\/wp-json\/wp\/v2\/media?parent=14622"}],"wp:term":[{"taxonomy":"category","embeddable":true,"href":"https:\/\/www.djurskyddet.se\/kattfotenhalmstad\/wp-json\/wp\/v2\/categories?post=14622"},{"taxonomy":"post_tag","embeddable":true,"href":"https:\/\/www.djurskyddet.se\/kattfotenhalmstad\/wp-json\/wp\/v2\/tags?post=14622"}],"curies":[{"name":"wp","href":"https:\/\/api.w.org\/{rel}","templated":true}]}}