{"id":14705,"date":"2024-09-13T08:53:03","date_gmt":"2024-09-13T08:53:03","guid":{"rendered":"https:\/\/www.djurskyddet.se\/kattfotenhalmstad\/?p=14705"},"modified":"2024-09-13T08:53:04","modified_gmt":"2024-09-13T08:53:04","slug":"katt-i-vaska-kastad-pa-vart-tak","status":"publish","type":"post","link":"https:\/\/www.djurskyddet.se\/kattfotenhalmstad\/aktuellt\/katt-i-vaska-kastad-pa-vart-tak\/","title":{"rendered":"Katt i v\u00e4ska kastad p\u00e5 v\u00e5rt tak!"},"content":{"rendered":"\n<figure class=\"wp-block-image\"><img decoding=\"async\" src=\"https:\/\/static.xx.fbcdn.net\/images\/emoji.php\/v9\/t8d\/1\/16\/1f621.png\" alt=\"?\" \/><\/figure>\n\n\n\n<p>Det finns s\u00e5 mycket VIDRIGA m\u00e4nniskor. M\u00e4nniskor vi inte ens vill uttala oss om vad vi egentligen vill s\u00e4ga om dem.<\/p>\n\n\n\n<p>Ig\u00e5r (12\/9) KASTADES en v\u00e4ska, fr\u00e5n f\u00f6retaget Nordic Wellness upp p\u00e5 v\u00e5rt tak, med en katt i. Den har dunsat ner rej\u00e4lt p\u00e5 taket.<img loading=\"lazy\" decoding=\"async\" height=\"16\" width=\"16\" src=\"https:\/\/static.xx.fbcdn.net\/images\/emoji.php\/v9\/t40\/1\/16\/1f62d.png\" alt=\"?\"><img loading=\"lazy\" decoding=\"async\" height=\"16\" width=\"16\" src=\"https:\/\/static.xx.fbcdn.net\/images\/emoji.php\/v9\/t40\/1\/16\/1f62d.png\" alt=\"?\"><\/p>\n\n\n\n<p>Den har suttit inst\u00e4ngd i en m\u00f6rk v\u00e4ska, helt svart runtom sig. Inte kunnat se n\u00e5got, men k\u00e4nt att den sl\u00e4ngs upp i luften, och att den landar h\u00e5rt mot ett tak och f\u00e5r ont. Den m\u00e5ste k\u00e4nna sig s\u00e5 o\u00f6nskad,s\u00e5 hj\u00e4lpl\u00f6s och <a><\/a>liten. Hj\u00e4rtat m\u00e5ste n\u00e4stan hoppat ur den lilla kroppen av r\u00e4dsla och sm\u00e4rta.<\/p>\n\n\n\n<p>Rena turen \u00e4r det fanns personal p\u00e5 plats vid tillf\u00e4llet.<\/p>\n\n\n\n<p>Vad vi k\u00e4nner? Avsky, sm\u00e4rta, ledsamhet, hoppl\u00f6shet, v\u00e5ra hj\u00e4rtan brast, t\u00e5rar kom.<\/p>\n\n\n\n<p>HUR kan en m\u00e4nniska vara s\u00e5 k\u00e4nslokall?<\/p>\n\n\n\n<p>Man kan bara t\u00e4nka tanken vad den m\u00e4nniskan kan uts\u00e4tta andra m\u00e4nniskor f\u00f6r. F\u00f6r det \u00e4r ren psykopati som den m\u00e4nniskan drivs av.<\/p>\n\n\n\n<p>Har n\u00e5gon sett n\u00e5got?<\/p>\n\n\n\n<p>Sett n\u00e5gon med denna v\u00e4skan i parken eller runtom?<\/p>\n\n\n\n<p>K\u00e4nner igen katten?<\/p>\n\n\n\n<p>Alla tips \u00e4r v\u00e4lkomna. Givetvis f\u00e5r ni vara anonyma. Tips kan g\u00f6ras till Mia p\u00e5 tele 0728533297<\/p>\n\n\n\n<p>Det \u00e4r polisanm\u00e4lt, men de vill inte l\u00e4gga resurser p\u00e5 det. Djurpl\u00e5geri, en olaglig handling. <img loading=\"lazy\" decoding=\"async\" height=\"16\" width=\"16\" alt=\"?\" src=\"https:\/\/static.xx.fbcdn.net\/images\/emoji.php\/v9\/t8d\/1\/16\/1f621.png\"><img loading=\"lazy\" decoding=\"async\" height=\"16\" width=\"16\" alt=\"?\" src=\"https:\/\/static.xx.fbcdn.net\/images\/emoji.php\/v9\/t8d\/1\/16\/1f621.png\"><\/p>\n\n\n\n<p>Hj\u00e4lp oss hitta idioten!!!<\/p>\n\n\n\n<p><\/p>\n\n\n\n<figure class=\"wp-block-image size-full\"><img loading=\"lazy\" decoding=\"async\" width=\"760\" height=\"637\" src=\"https:\/\/www.djurskyddet.se\/kattfotenhalmstad\/wp-content\/uploads\/sites\/35\/2024\/09\/1n-1.jpg\" alt=\"\" class=\"wp-image-14707\" srcset=\"https:\/\/www.djurskyddet.se\/kattfotenhalmstad\/wp-content\/uploads\/sites\/35\/2024\/09\/1n-1.jpg 760w, https:\/\/www.djurskyddet.se\/kattfotenhalmstad\/wp-content\/uploads\/sites\/35\/2024\/09\/1n-1-300x251.jpg 300w, https:\/\/www.djurskyddet.se\/kattfotenhalmstad\/wp-content\/uploads\/sites\/35\/2024\/09\/1n-1-400x335.jpg 400w\" sizes=\"auto, (max-width: 760px) 100vw, 760px\" \/><\/figure>\n","protected":false},"excerpt":{"rendered":"<p>Det finns s\u00e5 mycket VIDRIGA m\u00e4nniskor. M\u00e4nniskor vi inte ens vill uttala oss om vad vi egentligen vill s\u00e4ga om dem. Ig\u00e5r (12\/9) KASTADES en v\u00e4ska, fr\u00e5n f\u00f6retaget Nordic Wellness upp p\u00e5 v\u00e5rt tak, med en katt i. Den har dunsat ner rej\u00e4lt p\u00e5 taket. Den har suttit inst\u00e4ngd i en m\u00f6rk v\u00e4ska, helt svart runtom sig. Inte kunnat se n\u00e5got, men k\u00e4nt att den sl\u00e4ngs upp i luften, och&hellip;<\/p>\n<p><a class=\"more-link\" href=\"https:\/\/www.djurskyddet.se\/kattfotenhalmstad\/aktuellt\/katt-i-vaska-kastad-pa-vart-tak\/\" title=\"Continue reading &lsquo;Katt i v\u00e4ska kastad p\u00e5 v\u00e5rt tak!&rsquo;\">L&auml;s mer<span class=\"meta-nav\">&raquo;<\/span><\/a><\/p>\n","protected":false},"author":55,"featured_media":14706,"comment_status":"closed","ping_status":"open","sticky":false,"template":"","format":"standard","meta":{"_acf_changed":false,"footnotes":""},"categories":[18],"tags":[],"class_list":["post-14705","post","type-post","status-publish","format-standard","has-post-thumbnail","hentry","category-aktuellt"],"acf":[],"_links":{"self":[{"href":"https:\/\/www.djurskyddet.se\/kattfotenhalmstad\/wp-json\/wp\/v2\/posts\/14705","targetHints":{"allow":["GET"]}}],"collection":[{"href":"https:\/\/www.djurskyddet.se\/kattfotenhalmstad\/wp-json\/wp\/v2\/posts"}],"about":[{"href":"https:\/\/www.djurskyddet.se\/kattfotenhalmstad\/wp-json\/wp\/v2\/types\/post"}],"author":[{"embeddable":true,"href":"https:\/\/www.djurskyddet.se\/kattfotenhalmstad\/wp-json\/wp\/v2\/users\/55"}],"replies":[{"embeddable":true,"href":"https:\/\/www.djurskyddet.se\/kattfotenhalmstad\/wp-json\/wp\/v2\/comments?post=14705"}],"version-history":[{"count":1,"href":"https:\/\/www.djurskyddet.se\/kattfotenhalmstad\/wp-json\/wp\/v2\/posts\/14705\/revisions"}],"predecessor-version":[{"id":14708,"href":"https:\/\/www.djurskyddet.se\/kattfotenhalmstad\/wp-json\/wp\/v2\/posts\/14705\/revisions\/14708"}],"wp:featuredmedia":[{"embeddable":true,"href":"https:\/\/www.djurskyddet.se\/kattfotenhalmstad\/wp-json\/wp\/v2\/media\/14706"}],"wp:attachment":[{"href":"https:\/\/www.djurskyddet.se\/kattfotenhalmstad\/wp-json\/wp\/v2\/media?parent=14705"}],"wp:term":[{"taxonomy":"category","embeddable":true,"href":"https:\/\/www.djurskyddet.se\/kattfotenhalmstad\/wp-json\/wp\/v2\/categories?post=14705"},{"taxonomy":"post_tag","embeddable":true,"href":"https:\/\/www.djurskyddet.se\/kattfotenhalmstad\/wp-json\/wp\/v2\/tags?post=14705"}],"curies":[{"name":"wp","href":"https:\/\/api.w.org\/{rel}","templated":true}]}}