{"id":14833,"date":"2024-12-01T07:27:10","date_gmt":"2024-12-01T07:27:10","guid":{"rendered":"https:\/\/www.djurskyddet.se\/kattfotenhalmstad\/?p=14833"},"modified":"2024-12-01T07:27:10","modified_gmt":"2024-12-01T07:27:10","slug":"kattens-dag-idag-1-12","status":"publish","type":"post","link":"https:\/\/www.djurskyddet.se\/kattfotenhalmstad\/aktuellt\/kattens-dag-idag-1-12\/","title":{"rendered":"Kattens dag idag! (1\/12)"},"content":{"rendered":"\n<p>F\u00f6rsta advent <img loading=\"lazy\" decoding=\"async\" height=\"16\" width=\"16\" alt=\"?\ufe0f\" src=\"https:\/\/static.xx.fbcdn.net\/images\/emoji.php\/v9\/t7d\/1\/16\/1f56f.png\"><\/p>\n\n\n\n<p>Visste ni att kattens dag inf\u00f6rdes s\u00e5 tidigt som 1983.<\/p>\n\n\n\n<p>Det \u00e4r m\u00e5nga \u00e5r som katterna fick en egen dag.<\/p>\n\n\n\n<p>Och vi har f\u00f6rm\u00e5nen att fira det f\u00f6r v\u00e5ra p\u00e4lsklingar, b\u00e5de privata och p\u00e5 katthemmet och jourhem.<\/p>\n\n\n\n<p>S\u00e5 idag \u00e4r ni varmt v\u00e4lkomna till oss och fira!<\/p>\n\n\n\n<p>Det blir loppis!<\/p>\n\n\n\n<p>Vi bjuder p\u00e5 gl\u00f6gg och pepparkakor!<\/p>\n\n\n\n<p>F\u00f6rs\u00e4ljning av bakverk och julgodis.<\/p>\n\n\n\n<p>Lotteri.<\/p>\n\n\n\n<p>Ni f\u00e5r mer \u00e4n g\u00e4rna l\u00e4mna en liten julklapp \u00e5t v\u00e5ra p\u00e4lsklingar (bl\u00f6tmat).<\/p>\n\n\n\n<p>Hoppas vi ses!!<\/p>\n\n\n\n<p>\u00d6ppet mellan 12 och 16.<\/p>\n\n\n\n<figure class=\"wp-block-image size-full\"><img loading=\"lazy\" decoding=\"async\" width=\"755\" height=\"759\" src=\"https:\/\/www.djurskyddet.se\/kattfotenhalmstad\/wp-content\/uploads\/sites\/35\/2024\/12\/image.jpg\" alt=\"\" class=\"wp-image-14834\" srcset=\"https:\/\/www.djurskyddet.se\/kattfotenhalmstad\/wp-content\/uploads\/sites\/35\/2024\/12\/image.jpg 755w, https:\/\/www.djurskyddet.se\/kattfotenhalmstad\/wp-content\/uploads\/sites\/35\/2024\/12\/image-298x300.jpg 298w, https:\/\/www.djurskyddet.se\/kattfotenhalmstad\/wp-content\/uploads\/sites\/35\/2024\/12\/image-150x150.jpg 150w, https:\/\/www.djurskyddet.se\/kattfotenhalmstad\/wp-content\/uploads\/sites\/35\/2024\/12\/image-400x402.jpg 400w\" sizes=\"auto, (max-width: 755px) 100vw, 755px\" \/><\/figure>\n","protected":false},"excerpt":{"rendered":"<p>F\u00f6rsta advent Visste ni att kattens dag inf\u00f6rdes s\u00e5 tidigt som 1983. Det \u00e4r m\u00e5nga \u00e5r som katterna fick en egen dag. Och vi har f\u00f6rm\u00e5nen att fira det f\u00f6r v\u00e5ra p\u00e4lsklingar, b\u00e5de privata och p\u00e5 katthemmet och jourhem. S\u00e5 idag \u00e4r ni varmt v\u00e4lkomna till oss och fira! Det blir loppis! Vi bjuder p\u00e5 gl\u00f6gg och pepparkakor! F\u00f6rs\u00e4ljning av bakverk och julgodis. Lotteri. Ni f\u00e5r mer \u00e4n g\u00e4rna l\u00e4mna&hellip;<\/p>\n<p><a class=\"more-link\" href=\"https:\/\/www.djurskyddet.se\/kattfotenhalmstad\/aktuellt\/kattens-dag-idag-1-12\/\" title=\"Continue reading &lsquo;Kattens dag idag! (1\/12)&rsquo;\">L&auml;s mer<span class=\"meta-nav\">&raquo;<\/span><\/a><\/p>\n","protected":false},"author":55,"featured_media":14835,"comment_status":"closed","ping_status":"open","sticky":false,"template":"","format":"standard","meta":{"_acf_changed":false,"footnotes":""},"categories":[18],"tags":[],"class_list":["post-14833","post","type-post","status-publish","format-standard","has-post-thumbnail","hentry","category-aktuellt"],"acf":[],"_links":{"self":[{"href":"https:\/\/www.djurskyddet.se\/kattfotenhalmstad\/wp-json\/wp\/v2\/posts\/14833","targetHints":{"allow":["GET"]}}],"collection":[{"href":"https:\/\/www.djurskyddet.se\/kattfotenhalmstad\/wp-json\/wp\/v2\/posts"}],"about":[{"href":"https:\/\/www.djurskyddet.se\/kattfotenhalmstad\/wp-json\/wp\/v2\/types\/post"}],"author":[{"embeddable":true,"href":"https:\/\/www.djurskyddet.se\/kattfotenhalmstad\/wp-json\/wp\/v2\/users\/55"}],"replies":[{"embeddable":true,"href":"https:\/\/www.djurskyddet.se\/kattfotenhalmstad\/wp-json\/wp\/v2\/comments?post=14833"}],"version-history":[{"count":1,"href":"https:\/\/www.djurskyddet.se\/kattfotenhalmstad\/wp-json\/wp\/v2\/posts\/14833\/revisions"}],"predecessor-version":[{"id":14836,"href":"https:\/\/www.djurskyddet.se\/kattfotenhalmstad\/wp-json\/wp\/v2\/posts\/14833\/revisions\/14836"}],"wp:featuredmedia":[{"embeddable":true,"href":"https:\/\/www.djurskyddet.se\/kattfotenhalmstad\/wp-json\/wp\/v2\/media\/14835"}],"wp:attachment":[{"href":"https:\/\/www.djurskyddet.se\/kattfotenhalmstad\/wp-json\/wp\/v2\/media?parent=14833"}],"wp:term":[{"taxonomy":"category","embeddable":true,"href":"https:\/\/www.djurskyddet.se\/kattfotenhalmstad\/wp-json\/wp\/v2\/categories?post=14833"},{"taxonomy":"post_tag","embeddable":true,"href":"https:\/\/www.djurskyddet.se\/kattfotenhalmstad\/wp-json\/wp\/v2\/tags?post=14833"}],"curies":[{"name":"wp","href":"https:\/\/api.w.org\/{rel}","templated":true}]}}