{"id":15523,"date":"2025-12-23T07:57:11","date_gmt":"2025-12-23T07:57:11","guid":{"rendered":"https:\/\/www.djurskyddet.se\/kattfotenhalmstad\/?p=15523"},"modified":"2025-12-23T07:57:12","modified_gmt":"2025-12-23T07:57:12","slug":"god-jul-2","status":"publish","type":"post","link":"https:\/\/www.djurskyddet.se\/kattfotenhalmstad\/aktuellt\/god-jul-2\/","title":{"rendered":"God jul!"},"content":{"rendered":"\n<figure class=\"wp-block-image\"><img decoding=\"async\" src=\"https:\/\/static.xx.fbcdn.net\/images\/emoji.php\/v9\/t88\/1\/16\/1f385.png\" alt=\"\ud83c\udf85\" \/><\/figure>\n\n\n\n<p>Vi p\u00e5 Kattfotens katthem vill \u00f6nska er en riktigt God jul!<\/p>\n\n\n\n<figure class=\"wp-block-image\"><img decoding=\"async\" src=\"https:\/\/static.xx.fbcdn.net\/images\/emoji.php\/v9\/t7\/1\/16\/1f384.png\" alt=\"\ud83c\udf84\" \/><\/figure>\n\n\n\n<p>Vi vill ocks\u00e5 tacka er f\u00f6r allt st\u00f6d under \u00e5ret (varit ett fruktansv\u00e4rt \u00e5r med larm).<\/p>\n\n\n\n<p>Men tack vare er s\u00e5 har vi lyckats l\u00f6sa det mesta.<\/p>\n\n\n\n<p>Njut av julen och ge era p\u00e4lsklingar extra gott i jul. <img loading=\"lazy\" decoding=\"async\" height=\"16\" width=\"16\" alt=\"\ud83d\ude3b\" src=\"https:\/\/static.xx.fbcdn.net\/images\/emoji.php\/v9\/tdd\/1\/16\/1f63b.png\"><img loading=\"lazy\" decoding=\"async\" height=\"16\" width=\"16\" alt=\"\ud83d\ude3b\" src=\"https:\/\/static.xx.fbcdn.net\/images\/emoji.php\/v9\/tdd\/1\/16\/1f63b.png\"><\/p>\n\n\n\n<p>GOD JUL <img loading=\"lazy\" decoding=\"async\" height=\"16\" width=\"16\" alt=\"\ud83c\udf85\" src=\"https:\/\/static.xx.fbcdn.net\/images\/emoji.php\/v9\/t88\/1\/16\/1f385.png\"><img loading=\"lazy\" decoding=\"async\" height=\"16\" width=\"16\" alt=\"\ud83c\udf84\" src=\"https:\/\/static.xx.fbcdn.net\/images\/emoji.php\/v9\/t7\/1\/16\/1f384.png\"><\/p>\n","protected":false},"excerpt":{"rendered":"<p>Vi p\u00e5 Kattfotens katthem vill \u00f6nska er en riktigt God jul! Vi vill ocks\u00e5 tacka er f\u00f6r allt st\u00f6d under \u00e5ret (varit ett fruktansv\u00e4rt \u00e5r med larm). Men tack vare er s\u00e5 har vi lyckats l\u00f6sa det mesta. Njut av julen och ge era p\u00e4lsklingar extra gott i jul. GOD JUL<\/p>\n","protected":false},"author":55,"featured_media":0,"comment_status":"closed","ping_status":"open","sticky":false,"template":"","format":"standard","meta":{"_acf_changed":false,"footnotes":""},"categories":[18],"tags":[],"class_list":["post-15523","post","type-post","status-publish","format-standard","hentry","category-aktuellt"],"acf":[],"_links":{"self":[{"href":"https:\/\/www.djurskyddet.se\/kattfotenhalmstad\/wp-json\/wp\/v2\/posts\/15523","targetHints":{"allow":["GET"]}}],"collection":[{"href":"https:\/\/www.djurskyddet.se\/kattfotenhalmstad\/wp-json\/wp\/v2\/posts"}],"about":[{"href":"https:\/\/www.djurskyddet.se\/kattfotenhalmstad\/wp-json\/wp\/v2\/types\/post"}],"author":[{"embeddable":true,"href":"https:\/\/www.djurskyddet.se\/kattfotenhalmstad\/wp-json\/wp\/v2\/users\/55"}],"replies":[{"embeddable":true,"href":"https:\/\/www.djurskyddet.se\/kattfotenhalmstad\/wp-json\/wp\/v2\/comments?post=15523"}],"version-history":[{"count":1,"href":"https:\/\/www.djurskyddet.se\/kattfotenhalmstad\/wp-json\/wp\/v2\/posts\/15523\/revisions"}],"predecessor-version":[{"id":15524,"href":"https:\/\/www.djurskyddet.se\/kattfotenhalmstad\/wp-json\/wp\/v2\/posts\/15523\/revisions\/15524"}],"wp:attachment":[{"href":"https:\/\/www.djurskyddet.se\/kattfotenhalmstad\/wp-json\/wp\/v2\/media?parent=15523"}],"wp:term":[{"taxonomy":"category","embeddable":true,"href":"https:\/\/www.djurskyddet.se\/kattfotenhalmstad\/wp-json\/wp\/v2\/categories?post=15523"},{"taxonomy":"post_tag","embeddable":true,"href":"https:\/\/www.djurskyddet.se\/kattfotenhalmstad\/wp-json\/wp\/v2\/tags?post=15523"}],"curies":[{"name":"wp","href":"https:\/\/api.w.org\/{rel}","templated":true}]}}