{"id":10116,"date":"2025-11-07T14:28:57","date_gmt":"2025-11-07T14:28:57","guid":{"rendered":"https:\/\/www.djurskyddet.se\/kristinehamn\/?p=10116"},"modified":"2025-11-07T16:03:53","modified_gmt":"2025-11-07T16:03:53","slug":"alvar","status":"publish","type":"post","link":"https:\/\/www.djurskyddet.se\/kristinehamn\/adopterade-omplacerade-djur\/alvar\/","title":{"rendered":"Alvar \u00e4r adopterad\u2764"},"content":{"rendered":"\n<p>Hej Alvar h\u00e4r <img loading=\"lazy\" decoding=\"async\" height=\"16\" width=\"16\" alt=\"\ud83d\udc95\" src=\"https:\/\/static.xx.fbcdn.net\/images\/emoji.php\/v9\/t68\/1\/16\/1f495.png\"><\/p>\n\n\n\n<p>Efter en tid som heml\u00f6s fick jag komma till Djurhemmet d\u00e4r jag funnit mig tillr\u00e4tta.<\/p>\n\n\n\n<p><a><\/a>Jag \u00e4r en lugn och otroligt gosig kille p\u00e5 ca 7 \u00e5r.<\/p>\n\n\n\n<p>Jag s\u00f6ker nu en familj som jag kan f\u00e5 bo med, d\u00e4r jag kan k\u00e4nna trygghet.<\/p>\n\n\n\n<p>Utevistelse \u00e4r ett krav n\u00e4r jag bott in mig. Ska inte bo med sm\u00e5 barn.<\/p>\n\n\n\n<p>Jag har en vacker l\u00e5ng p\u00e4ls som kr\u00e4ver mycket borstning f\u00f6r att h\u00e5lla tovorna borta.<\/p>\n\n\n\n<p>Vid fr\u00e5gor och om du\/ni kan ge mig det jag beh\u00f6ver kontakta Djurhemmet.<\/p>\n\n\n\n<p>Tel: 0550-15155, telefontid vardagar 10-16 helger 10-14 lunch 12-13.<\/p>\n\n\n\n<p>Alla katter som adopteras ut fr\u00e5n oss, ungkatt till vuxen \u00e4r kastrerad (kattungar kastreras senare), ID-m\u00e4rkt\/registrerad och vaccinerad<\/p>\n","protected":false},"excerpt":{"rendered":"<p>Hej Alvar h\u00e4r Efter en tid som heml\u00f6s fick jag komma till Djurhemmet d\u00e4r jag funnit mig tillr\u00e4tta. Jag \u00e4r en lugn och otroligt gosig kille p\u00e5 ca 7 \u00e5r. Jag s\u00f6ker nu en familj som jag kan f\u00e5 bo med, d\u00e4r jag kan k\u00e4nna trygghet. Utevistelse \u00e4r ett krav n\u00e4r jag bott in mig. Ska inte bo med sm\u00e5 barn. Jag har en vacker l\u00e5ng p\u00e4ls som kr\u00e4ver mycket&hellip;<\/p>\n<p><a class=\"more-link\" href=\"https:\/\/www.djurskyddet.se\/kristinehamn\/adopterade-omplacerade-djur\/alvar\/\" title=\"Continue reading &lsquo;Alvar \u00e4r adopterad\u2764&rsquo;\">L&auml;s mer<span class=\"meta-nav\">&raquo;<\/span><\/a><\/p>\n","protected":false},"author":56,"featured_media":10117,"comment_status":"closed","ping_status":"open","sticky":false,"template":"","format":"standard","meta":{"_acf_changed":false,"footnotes":""},"categories":[29],"tags":[],"class_list":["post-10116","post","type-post","status-publish","format-standard","has-post-thumbnail","hentry","category-adopterade-omplacerade-djur"],"acf":[],"_links":{"self":[{"href":"https:\/\/www.djurskyddet.se\/kristinehamn\/wp-json\/wp\/v2\/posts\/10116","targetHints":{"allow":["GET"]}}],"collection":[{"href":"https:\/\/www.djurskyddet.se\/kristinehamn\/wp-json\/wp\/v2\/posts"}],"about":[{"href":"https:\/\/www.djurskyddet.se\/kristinehamn\/wp-json\/wp\/v2\/types\/post"}],"author":[{"embeddable":true,"href":"https:\/\/www.djurskyddet.se\/kristinehamn\/wp-json\/wp\/v2\/users\/56"}],"replies":[{"embeddable":true,"href":"https:\/\/www.djurskyddet.se\/kristinehamn\/wp-json\/wp\/v2\/comments?post=10116"}],"version-history":[{"count":3,"href":"https:\/\/www.djurskyddet.se\/kristinehamn\/wp-json\/wp\/v2\/posts\/10116\/revisions"}],"predecessor-version":[{"id":10121,"href":"https:\/\/www.djurskyddet.se\/kristinehamn\/wp-json\/wp\/v2\/posts\/10116\/revisions\/10121"}],"wp:featuredmedia":[{"embeddable":true,"href":"https:\/\/www.djurskyddet.se\/kristinehamn\/wp-json\/wp\/v2\/media\/10117"}],"wp:attachment":[{"href":"https:\/\/www.djurskyddet.se\/kristinehamn\/wp-json\/wp\/v2\/media?parent=10116"}],"wp:term":[{"taxonomy":"category","embeddable":true,"href":"https:\/\/www.djurskyddet.se\/kristinehamn\/wp-json\/wp\/v2\/categories?post=10116"},{"taxonomy":"post_tag","embeddable":true,"href":"https:\/\/www.djurskyddet.se\/kristinehamn\/wp-json\/wp\/v2\/tags?post=10116"}],"curies":[{"name":"wp","href":"https:\/\/api.w.org\/{rel}","templated":true}]}}