{"id":10321,"date":"2026-02-02T15:34:00","date_gmt":"2026-02-02T15:34:00","guid":{"rendered":"https:\/\/www.djurskyddet.se\/kristinehamn\/?p=10321"},"modified":"2026-03-05T12:13:56","modified_gmt":"2026-03-05T12:13:56","slug":"olle","status":"publish","type":"post","link":"https:\/\/www.djurskyddet.se\/kristinehamn\/adopterade-omplacerade-djur\/olle\/","title":{"rendered":"Olle \u00e4r adopterad\u2764"},"content":{"rendered":"\n<p>Jag heter Olle och kom till djurhemmet strax f\u00f6re ny\u00e5r.<\/p>\n\n\n\n<p>Ingen vet exakt hur gammal jag \u00e4r, men jag vet att livet inte alltid har varit sn\u00e4llt mot mig.<\/p>\n\n\n\n<p>Just nu \u00e4r jag lite r\u00e4dd, men innerst inne l\u00e4ngtar jag efter en familj som m\u00f6ter mig med k\u00e4rlek, lugn och f\u00f6rst\u00e5else. En familj som ger mig tid \u2013 s\u00e5 att jag i min takt kan bli er v\u00e4n f\u00f6r livet.<\/p>\n\n\n\n<p>Med t\u00e5lamod, v\u00e4rme och n\u00e5gra mjuka klappar kan jag visa hur mycket k\u00e4rlek som ryms i ett litet katthj\u00e4rta.<\/p>\n\n\n\n<p>Kanske \u00e4r det just dig jag v\u00e4ntar p\u00e5? <img loading=\"lazy\" decoding=\"async\" height=\"16\" width=\"16\" alt=\"\ud83d\udc31\" src=\"https:\/\/static.xx.fbcdn.net\/images\/emoji.php\/v9\/taa\/1\/16\/1f431.png\"><img loading=\"lazy\" decoding=\"async\" height=\"16\" width=\"16\" alt=\"\ud83d\udcab\" src=\"https:\/\/static.xx.fbcdn.net\/images\/emoji.php\/v9\/ted\/1\/16\/1f4ab.png\"><\/p>\n\n\n\n<p>Har du fr\u00e5gor eller \u00e4r intresserad \u00e4r du varmt v\u00e4lkommen att ringa: 0550-15155.<\/p>\n\n\n\n<p>Telefontid vardagar 10\u201316, helger 10\u201314, lunch 12\u201313.<\/p>\n\n\n\n<p>Alla katter som adopteras ut fr\u00e5n oss, fr\u00e5n ungkatt till vuxen, \u00e4r kastrerade (kattungar kastreras senare), ID-m\u00e4rkta\/registrerade och vaccinerade.<\/p>\n","protected":false},"excerpt":{"rendered":"<p>Jag heter Olle och kom till djurhemmet strax f\u00f6re ny\u00e5r. Ingen vet exakt hur gammal jag \u00e4r, men jag vet att livet inte alltid har varit sn\u00e4llt mot mig. Just nu \u00e4r jag lite r\u00e4dd, men innerst inne l\u00e4ngtar jag efter en familj som m\u00f6ter mig med k\u00e4rlek, lugn och f\u00f6rst\u00e5else. En familj som ger mig tid \u2013 s\u00e5 att jag i min takt kan bli er v\u00e4n f\u00f6r livet.&hellip;<\/p>\n<p><a class=\"more-link\" href=\"https:\/\/www.djurskyddet.se\/kristinehamn\/adopterade-omplacerade-djur\/olle\/\" title=\"Continue reading &lsquo;Olle \u00e4r adopterad\u2764&rsquo;\">L&auml;s mer<span class=\"meta-nav\">&raquo;<\/span><\/a><\/p>\n","protected":false},"author":83,"featured_media":10322,"comment_status":"closed","ping_status":"open","sticky":false,"template":"","format":"standard","meta":{"_acf_changed":false,"footnotes":""},"categories":[29],"tags":[],"class_list":["post-10321","post","type-post","status-publish","format-standard","has-post-thumbnail","hentry","category-adopterade-omplacerade-djur"],"acf":[],"_links":{"self":[{"href":"https:\/\/www.djurskyddet.se\/kristinehamn\/wp-json\/wp\/v2\/posts\/10321","targetHints":{"allow":["GET"]}}],"collection":[{"href":"https:\/\/www.djurskyddet.se\/kristinehamn\/wp-json\/wp\/v2\/posts"}],"about":[{"href":"https:\/\/www.djurskyddet.se\/kristinehamn\/wp-json\/wp\/v2\/types\/post"}],"author":[{"embeddable":true,"href":"https:\/\/www.djurskyddet.se\/kristinehamn\/wp-json\/wp\/v2\/users\/83"}],"replies":[{"embeddable":true,"href":"https:\/\/www.djurskyddet.se\/kristinehamn\/wp-json\/wp\/v2\/comments?post=10321"}],"version-history":[{"count":2,"href":"https:\/\/www.djurskyddet.se\/kristinehamn\/wp-json\/wp\/v2\/posts\/10321\/revisions"}],"predecessor-version":[{"id":10376,"href":"https:\/\/www.djurskyddet.se\/kristinehamn\/wp-json\/wp\/v2\/posts\/10321\/revisions\/10376"}],"wp:featuredmedia":[{"embeddable":true,"href":"https:\/\/www.djurskyddet.se\/kristinehamn\/wp-json\/wp\/v2\/media\/10322"}],"wp:attachment":[{"href":"https:\/\/www.djurskyddet.se\/kristinehamn\/wp-json\/wp\/v2\/media?parent=10321"}],"wp:term":[{"taxonomy":"category","embeddable":true,"href":"https:\/\/www.djurskyddet.se\/kristinehamn\/wp-json\/wp\/v2\/categories?post=10321"},{"taxonomy":"post_tag","embeddable":true,"href":"https:\/\/www.djurskyddet.se\/kristinehamn\/wp-json\/wp\/v2\/tags?post=10321"}],"curies":[{"name":"wp","href":"https:\/\/api.w.org\/{rel}","templated":true}]}}