{"id":10360,"date":"2026-03-02T15:08:59","date_gmt":"2026-03-02T15:08:59","guid":{"rendered":"https:\/\/www.djurskyddet.se\/kristinehamn\/?p=10360"},"modified":"2026-03-16T12:48:50","modified_gmt":"2026-03-16T12:48:50","slug":"fia","status":"publish","type":"post","link":"https:\/\/www.djurskyddet.se\/kristinehamn\/adopterade-omplacerade-djur\/fia\/","title":{"rendered":"Fia \u00e4r adopterad\u2764"},"content":{"rendered":"\n<p>Fia \u00e4r en f\u00f6rsiktig och lite r\u00e4dd honkatt med ett mjukt hj\u00e4rta. Hon trivs b\u00e4st p\u00e5 en trygg plats d\u00e4r hon kan k\u00e4nna sig s\u00e4ker och i lugn och ro observera sin omgivning.<\/p>\n\n\n\n<p>Hon beh\u00f6ver ett hem med t\u00e5lamod, k\u00e4rlek och f\u00f6rst\u00e5else. Med tid, trygghet och varsamhet kommer Fia att v\u00e5ga \u00f6ppna sig och visa sin fina personlighet. Under hennes f\u00f6rsiktiga yta finns en katt som bara v\u00e4ntar p\u00e5 att f\u00e5 k\u00e4nna sig \u00e4lskad.<\/p>\n\n\n\n<p>Fia s\u00f6ker n\u00e5gon med ett stort hj\u00e4rta som kan ge henne den tid hon beh\u00f6ver, och som vill bygga ett starkt band baserat p\u00e5 tillit och k\u00e4rlek\u2764\ufe0f<\/p>\n\n\n\n<p>Har du fr\u00e5gor eller \u00e4r intresserad \u00e4r du varmt v\u00e4lkommen att ringa: 0550-15155.<\/p>\n\n\n\n<p>Telefontid vardagar 10\u201316, helger 10\u201314, lunch 12\u201313.<\/p>\n\n\n\n<p>Alla katter som adopteras ut fr\u00e5n oss, fr\u00e5n ungkatt till vuxen, \u00e4r kastrerade (kattungar kastreras senare), ID-m\u00e4rkta\/registrerade och vaccinerade.<\/p>\n","protected":false},"excerpt":{"rendered":"<p>Fia \u00e4r en f\u00f6rsiktig och lite r\u00e4dd honkatt med ett mjukt hj\u00e4rta. Hon trivs b\u00e4st p\u00e5 en trygg plats d\u00e4r hon kan k\u00e4nna sig s\u00e4ker och i lugn och ro observera sin omgivning. Hon beh\u00f6ver ett hem med t\u00e5lamod, k\u00e4rlek och f\u00f6rst\u00e5else. Med tid, trygghet och varsamhet kommer Fia att v\u00e5ga \u00f6ppna sig och visa sin fina personlighet. Under hennes f\u00f6rsiktiga yta finns en katt som bara v\u00e4ntar p\u00e5 att&hellip;<\/p>\n<p><a class=\"more-link\" href=\"https:\/\/www.djurskyddet.se\/kristinehamn\/adopterade-omplacerade-djur\/fia\/\" title=\"Continue reading &lsquo;Fia \u00e4r adopterad\u2764&rsquo;\">L&auml;s mer<span class=\"meta-nav\">&raquo;<\/span><\/a><\/p>\n","protected":false},"author":83,"featured_media":10361,"comment_status":"closed","ping_status":"open","sticky":false,"template":"","format":"standard","meta":{"_acf_changed":false,"footnotes":""},"categories":[29],"tags":[],"class_list":["post-10360","post","type-post","status-publish","format-standard","has-post-thumbnail","hentry","category-adopterade-omplacerade-djur"],"acf":[],"_links":{"self":[{"href":"https:\/\/www.djurskyddet.se\/kristinehamn\/wp-json\/wp\/v2\/posts\/10360","targetHints":{"allow":["GET"]}}],"collection":[{"href":"https:\/\/www.djurskyddet.se\/kristinehamn\/wp-json\/wp\/v2\/posts"}],"about":[{"href":"https:\/\/www.djurskyddet.se\/kristinehamn\/wp-json\/wp\/v2\/types\/post"}],"author":[{"embeddable":true,"href":"https:\/\/www.djurskyddet.se\/kristinehamn\/wp-json\/wp\/v2\/users\/83"}],"replies":[{"embeddable":true,"href":"https:\/\/www.djurskyddet.se\/kristinehamn\/wp-json\/wp\/v2\/comments?post=10360"}],"version-history":[{"count":2,"href":"https:\/\/www.djurskyddet.se\/kristinehamn\/wp-json\/wp\/v2\/posts\/10360\/revisions"}],"predecessor-version":[{"id":10381,"href":"https:\/\/www.djurskyddet.se\/kristinehamn\/wp-json\/wp\/v2\/posts\/10360\/revisions\/10381"}],"wp:featuredmedia":[{"embeddable":true,"href":"https:\/\/www.djurskyddet.se\/kristinehamn\/wp-json\/wp\/v2\/media\/10361"}],"wp:attachment":[{"href":"https:\/\/www.djurskyddet.se\/kristinehamn\/wp-json\/wp\/v2\/media?parent=10360"}],"wp:term":[{"taxonomy":"category","embeddable":true,"href":"https:\/\/www.djurskyddet.se\/kristinehamn\/wp-json\/wp\/v2\/categories?post=10360"},{"taxonomy":"post_tag","embeddable":true,"href":"https:\/\/www.djurskyddet.se\/kristinehamn\/wp-json\/wp\/v2\/tags?post=10360"}],"curies":[{"name":"wp","href":"https:\/\/api.w.org\/{rel}","templated":true}]}}