{"id":10430,"date":"2026-04-29T09:21:08","date_gmt":"2026-04-29T09:21:08","guid":{"rendered":"https:\/\/www.djurskyddet.se\/kristinehamn\/?p=10430"},"modified":"2026-04-29T09:21:09","modified_gmt":"2026-04-29T09:21:09","slug":"iwy-och-vide","status":"publish","type":"post","link":"https:\/\/www.djurskyddet.se\/kristinehamn\/katter-soker-hem\/iwy-och-vide\/","title":{"rendered":"Iwy och Vide"},"content":{"rendered":"\n<p>Honkatt och hankatt, ok\u00e4nd \u00e5lder<\/p>\n\n\n\n<p>Kom in tillsammans fr\u00e5n L\u00e4nsstyrelsen Karlstad 15\/04.<\/p>\n\n\n\n<p>Iwy \u00e4r en gr\u00e5 honkatt som \u00e4r lite mer r\u00e4dd f\u00f6r m\u00e4nniskor och har mycket st\u00f6d i sin v\u00e4n Vide \u2764\ufe0f<\/p>\n\n\n\n<p>N\u00e4r hon k\u00e4nner igen personen och k\u00e4nner sig trygg och lugn g\u00e5r det att klappa henne. Hon \u00e4r nyfiken p\u00e5 m\u00e4nniskor, men lite mer l\u00e4ttskr\u00e4md \u00e4n Vide.<\/p>\n\n\n\n<p>Iwy \u00e4lskar att vara i v\u00e5r uteg\u00e5rd, d\u00e4r hon spanar ut \u00f6ver naturen och de andra katterna som finns i omr\u00e5det.<\/p>\n\n\n\n<p>Vide \u00e4r en vit och gr\u00e5 hankatt som \u00e4r n\u00e5got mer \u00f6ppen mot m\u00e4nniskor, men fortfarande ganska f\u00f6rsiktig.<\/p>\n\n\n\n<p>Precis som Iwy \u00e4lskar han uteg\u00e5rden, d\u00e4r de tillbringar st\u00f6rre delen av sin tid. Vide \u00e4r en stilig kille med vacker teckning i p\u00e4lsen.<\/p>\n\n\n\n<p>De vill helst komma till samma hem, eftersom de ger varandra trygghet \u2764\ufe0f<\/p>\n\n\n\n<p>Har du fr\u00e5gor eller \u00e4r intresserad \u00e4r du varmt v\u00e4lkommen att ringa: 0550-15155.<\/p>\n\n\n\n<p>Telefontid vardagar 10\u201316, helger 10\u201314, lunch 12\u201313.<\/p>\n\n\n\n<p>Alla katter som adopteras ut fr\u00e5n oss, fr\u00e5n ungkatt till vuxen, \u00e4r kastrerade (kattungar kastreras senare), ID-m\u00e4rkta\/registrerade och vaccinerade.<\/p>\n","protected":false},"excerpt":{"rendered":"<p>Honkatt och hankatt, ok\u00e4nd \u00e5lder Kom in tillsammans fr\u00e5n L\u00e4nsstyrelsen Karlstad 15\/04. Iwy \u00e4r en gr\u00e5 honkatt som \u00e4r lite mer r\u00e4dd f\u00f6r m\u00e4nniskor och har mycket st\u00f6d i sin v\u00e4n Vide \u2764\ufe0f N\u00e4r hon k\u00e4nner igen personen och k\u00e4nner sig trygg och lugn g\u00e5r det att klappa henne. Hon \u00e4r nyfiken p\u00e5 m\u00e4nniskor, men lite mer l\u00e4ttskr\u00e4md \u00e4n Vide. Iwy \u00e4lskar att vara i v\u00e5r uteg\u00e5rd, d\u00e4r hon spanar&hellip;<\/p>\n<p><a class=\"more-link\" href=\"https:\/\/www.djurskyddet.se\/kristinehamn\/katter-soker-hem\/iwy-och-vide\/\" title=\"Continue reading &lsquo;Iwy och Vide&rsquo;\">L&auml;s mer<span class=\"meta-nav\">&raquo;<\/span><\/a><\/p>\n","protected":false},"author":83,"featured_media":10434,"comment_status":"closed","ping_status":"open","sticky":false,"template":"","format":"standard","meta":{"_acf_changed":false,"footnotes":""},"categories":[19],"tags":[],"class_list":["post-10430","post","type-post","status-publish","format-standard","has-post-thumbnail","hentry","category-katter-soker-hem"],"acf":[],"_links":{"self":[{"href":"https:\/\/www.djurskyddet.se\/kristinehamn\/wp-json\/wp\/v2\/posts\/10430","targetHints":{"allow":["GET"]}}],"collection":[{"href":"https:\/\/www.djurskyddet.se\/kristinehamn\/wp-json\/wp\/v2\/posts"}],"about":[{"href":"https:\/\/www.djurskyddet.se\/kristinehamn\/wp-json\/wp\/v2\/types\/post"}],"author":[{"embeddable":true,"href":"https:\/\/www.djurskyddet.se\/kristinehamn\/wp-json\/wp\/v2\/users\/83"}],"replies":[{"embeddable":true,"href":"https:\/\/www.djurskyddet.se\/kristinehamn\/wp-json\/wp\/v2\/comments?post=10430"}],"version-history":[{"count":1,"href":"https:\/\/www.djurskyddet.se\/kristinehamn\/wp-json\/wp\/v2\/posts\/10430\/revisions"}],"predecessor-version":[{"id":10435,"href":"https:\/\/www.djurskyddet.se\/kristinehamn\/wp-json\/wp\/v2\/posts\/10430\/revisions\/10435"}],"wp:featuredmedia":[{"embeddable":true,"href":"https:\/\/www.djurskyddet.se\/kristinehamn\/wp-json\/wp\/v2\/media\/10434"}],"wp:attachment":[{"href":"https:\/\/www.djurskyddet.se\/kristinehamn\/wp-json\/wp\/v2\/media?parent=10430"}],"wp:term":[{"taxonomy":"category","embeddable":true,"href":"https:\/\/www.djurskyddet.se\/kristinehamn\/wp-json\/wp\/v2\/categories?post=10430"},{"taxonomy":"post_tag","embeddable":true,"href":"https:\/\/www.djurskyddet.se\/kristinehamn\/wp-json\/wp\/v2\/tags?post=10430"}],"curies":[{"name":"wp","href":"https:\/\/api.w.org\/{rel}","templated":true}]}}