{"id":10448,"date":"2026-04-29T12:14:23","date_gmt":"2026-04-29T12:14:23","guid":{"rendered":"https:\/\/www.djurskyddet.se\/kristinehamn\/?p=10448"},"modified":"2026-04-29T12:14:24","modified_gmt":"2026-04-29T12:14:24","slug":"lage","status":"publish","type":"post","link":"https:\/\/www.djurskyddet.se\/kristinehamn\/katter-soker-hem\/lage\/","title":{"rendered":"Lage"},"content":{"rendered":"\n<p>Hankatt, ok\u00e4nd \u00e5lder<\/p>\n\n\n\n<p>Kanske minns ni fina Lage \u2013 katten som hittades p\u00e5 ett lager i Kristinehamn, med en h\u00e5rsnodd h\u00e5rt lindad runt sin tass\u2026<\/p>\n\n\n\n<p>Han har g\u00e5tt igenom en l\u00e5ng och tuff resa, men tack vare hj\u00e4lp och omtanke har hans liv nu v\u00e4nt \u00e5t r\u00e4tt h\u00e5ll \u2764\ufe0f<\/p>\n\n\n\n<p>Idag \u00e4r Lage frisk och redo att hitta sitt nya \u2013 och f\u00f6r alltid \u2013 hem.<\/p>\n\n\n\n<p>Lage \u00e4r en aktiv och lekfull kille som \u00e4lskar att springa runt och busa, s\u00e4rskilt tillsammans med andra katter.<\/p>\n\n\n\n<p>Han \u00e4r ocks\u00e5 otroligt charmig och social \u2013 han s\u00f6ker g\u00e4rna upp oss m\u00e4nniskor f\u00f6r att f\u00e5 n\u00e4rhet och k\u00e4rlek.<\/p>\n\n\n\n<p>Han s\u00f6ker ett hem d\u00e4r han f\u00e5r utlopp f\u00f6r sin energi och forts\u00e4tta vara den glada och spralliga katt han \u00e4r.<\/p>\n\n\n\n<p>Ett hem d\u00e4r han f\u00e5r trygghet, omtanke och verkligen bli en sj\u00e4lvklar del av familjen \u2764\ufe0f<\/p>\n\n\n\n<p>Efter allt han har varit med om f\u00f6rtj\u00e4nar Lage ett liv fyllt av v\u00e4rme och k\u00e4rlek \u2013 kanske \u00e4r det just hos er han f\u00e5r det?<\/p>\n\n\n\n<p>Har du fr\u00e5gor eller \u00e4r intresserad \u00e4r du varmt v\u00e4lkommen att ringa: 0550-15155.<\/p>\n\n\n\n<p>Telefontid vardagar 10\u201316, helger 10\u201314, lunch 12\u201313.<\/p>\n\n\n\n<p>Alla katter som adopteras ut fr\u00e5n oss, fr\u00e5n ungkatt till vuxen, \u00e4r kastrerade (kattungar kastreras senare), ID-m\u00e4rkta\/registrerade och vaccinerade.<\/p>\n\n\n\n<p><\/p>\n","protected":false},"excerpt":{"rendered":"<p>Hankatt, ok\u00e4nd \u00e5lder Kanske minns ni fina Lage \u2013 katten som hittades p\u00e5 ett lager i Kristinehamn, med en h\u00e5rsnodd h\u00e5rt lindad runt sin tass\u2026 Han har g\u00e5tt igenom en l\u00e5ng och tuff resa, men tack vare hj\u00e4lp och omtanke har hans liv nu v\u00e4nt \u00e5t r\u00e4tt h\u00e5ll \u2764\ufe0f Idag \u00e4r Lage frisk och redo att hitta sitt nya \u2013 och f\u00f6r alltid \u2013 hem. Lage \u00e4r en aktiv och&hellip;<\/p>\n<p><a class=\"more-link\" href=\"https:\/\/www.djurskyddet.se\/kristinehamn\/katter-soker-hem\/lage\/\" title=\"Continue reading &lsquo;Lage&rsquo;\">L&auml;s mer<span class=\"meta-nav\">&raquo;<\/span><\/a><\/p>\n","protected":false},"author":83,"featured_media":10449,"comment_status":"closed","ping_status":"open","sticky":false,"template":"","format":"standard","meta":{"_acf_changed":false,"footnotes":""},"categories":[19],"tags":[],"class_list":["post-10448","post","type-post","status-publish","format-standard","has-post-thumbnail","hentry","category-katter-soker-hem"],"acf":[],"_links":{"self":[{"href":"https:\/\/www.djurskyddet.se\/kristinehamn\/wp-json\/wp\/v2\/posts\/10448","targetHints":{"allow":["GET"]}}],"collection":[{"href":"https:\/\/www.djurskyddet.se\/kristinehamn\/wp-json\/wp\/v2\/posts"}],"about":[{"href":"https:\/\/www.djurskyddet.se\/kristinehamn\/wp-json\/wp\/v2\/types\/post"}],"author":[{"embeddable":true,"href":"https:\/\/www.djurskyddet.se\/kristinehamn\/wp-json\/wp\/v2\/users\/83"}],"replies":[{"embeddable":true,"href":"https:\/\/www.djurskyddet.se\/kristinehamn\/wp-json\/wp\/v2\/comments?post=10448"}],"version-history":[{"count":1,"href":"https:\/\/www.djurskyddet.se\/kristinehamn\/wp-json\/wp\/v2\/posts\/10448\/revisions"}],"predecessor-version":[{"id":10450,"href":"https:\/\/www.djurskyddet.se\/kristinehamn\/wp-json\/wp\/v2\/posts\/10448\/revisions\/10450"}],"wp:featuredmedia":[{"embeddable":true,"href":"https:\/\/www.djurskyddet.se\/kristinehamn\/wp-json\/wp\/v2\/media\/10449"}],"wp:attachment":[{"href":"https:\/\/www.djurskyddet.se\/kristinehamn\/wp-json\/wp\/v2\/media?parent=10448"}],"wp:term":[{"taxonomy":"category","embeddable":true,"href":"https:\/\/www.djurskyddet.se\/kristinehamn\/wp-json\/wp\/v2\/categories?post=10448"},{"taxonomy":"post_tag","embeddable":true,"href":"https:\/\/www.djurskyddet.se\/kristinehamn\/wp-json\/wp\/v2\/tags?post=10448"}],"curies":[{"name":"wp","href":"https:\/\/api.w.org\/{rel}","templated":true}]}}