{"id":8390,"date":"2023-02-25T08:40:48","date_gmt":"2023-02-25T08:40:48","guid":{"rendered":"https:\/\/www.djurskyddet.se\/kristinehamn\/?p=8390"},"modified":"2023-04-21T21:10:20","modified_gmt":"2023-04-21T21:10:20","slug":"leya-och-lowena","status":"publish","type":"post","link":"https:\/\/www.djurskyddet.se\/kristinehamn\/adopterade-omplacerade-djur\/leya-och-lowena\/","title":{"rendered":"Leya och Lowena har f\u00e5tt ett nytt hem!"},"content":{"rendered":"\n<p>Privat omplacering av tv\u00e5 lejonhuvade kaninhonor, syskon f\u00f6dda 5\/3-22.<\/p>\n\n\n\n<p>H\u00e4r \u00e4r information fr\u00e5n \u00e4garen:<br>Leya och Lowena \u00e4r sn\u00e4lla men lite blyga. Lowena (den gr\u00e5a) \u00e4r dubbelmanad och \u00e4r i st\u00f6rre behov av p\u00e4lsv\u00e5rd. De \u00e4r sn\u00e4lla att borsta, klippa klor och raka med maskin. De bor tillsammans och b\u00f6r flytta tillsammans.\u00a0De kan tas med till Kristinehamn. Har haft dem i sele och har inte varit n\u00e5gra problem.\u00a0<\/p>\n\n\n<div class=\"wp-block-image\">\n<figure class=\"aligncenter size-full is-resized\"><img loading=\"lazy\" decoding=\"async\" src=\"https:\/\/www.djurskyddet.se\/kristinehamn\/wp-content\/uploads\/sites\/31\/2023\/04\/Leya-Lowena-adopterade.jpg\" alt=\"\" class=\"wp-image-8609\" width=\"450\" height=\"450\" srcset=\"https:\/\/www.djurskyddet.se\/kristinehamn\/wp-content\/uploads\/sites\/31\/2023\/04\/Leya-Lowena-adopterade.jpg 1024w, https:\/\/www.djurskyddet.se\/kristinehamn\/wp-content\/uploads\/sites\/31\/2023\/04\/Leya-Lowena-adopterade-300x300.jpg 300w, https:\/\/www.djurskyddet.se\/kristinehamn\/wp-content\/uploads\/sites\/31\/2023\/04\/Leya-Lowena-adopterade-150x150.jpg 150w, https:\/\/www.djurskyddet.se\/kristinehamn\/wp-content\/uploads\/sites\/31\/2023\/04\/Leya-Lowena-adopterade-768x768.jpg 768w, https:\/\/www.djurskyddet.se\/kristinehamn\/wp-content\/uploads\/sites\/31\/2023\/04\/Leya-Lowena-adopterade-400x400.jpg 400w\" sizes=\"auto, (max-width: 450px) 100vw, 450px\" \/><\/figure><\/div>","protected":false},"excerpt":{"rendered":"<p>Privat omplacering av tv\u00e5 lejonhuvade kaninhonor, syskon f\u00f6dda 5\/3-22. H\u00e4r \u00e4r information fr\u00e5n \u00e4garen:Leya och Lowena \u00e4r sn\u00e4lla men lite blyga. Lowena (den gr\u00e5a) \u00e4r dubbelmanad och \u00e4r i st\u00f6rre behov av p\u00e4lsv\u00e5rd. De \u00e4r sn\u00e4lla att borsta, klippa klor och raka med maskin. De bor tillsammans och b\u00f6r flytta tillsammans.\u00a0De kan tas med till Kristinehamn. Har haft dem i sele och har inte varit n\u00e5gra problem.\u00a0<\/p>\n","protected":false},"author":42,"featured_media":8609,"comment_status":"closed","ping_status":"closed","sticky":false,"template":"","format":"standard","meta":{"_acf_changed":false,"footnotes":""},"categories":[29],"tags":[],"class_list":["post-8390","post","type-post","status-publish","format-standard","has-post-thumbnail","hentry","category-adopterade-omplacerade-djur"],"acf":[],"_links":{"self":[{"href":"https:\/\/www.djurskyddet.se\/kristinehamn\/wp-json\/wp\/v2\/posts\/8390","targetHints":{"allow":["GET"]}}],"collection":[{"href":"https:\/\/www.djurskyddet.se\/kristinehamn\/wp-json\/wp\/v2\/posts"}],"about":[{"href":"https:\/\/www.djurskyddet.se\/kristinehamn\/wp-json\/wp\/v2\/types\/post"}],"author":[{"embeddable":true,"href":"https:\/\/www.djurskyddet.se\/kristinehamn\/wp-json\/wp\/v2\/users\/42"}],"replies":[{"embeddable":true,"href":"https:\/\/www.djurskyddet.se\/kristinehamn\/wp-json\/wp\/v2\/comments?post=8390"}],"version-history":[{"count":3,"href":"https:\/\/www.djurskyddet.se\/kristinehamn\/wp-json\/wp\/v2\/posts\/8390\/revisions"}],"predecessor-version":[{"id":8610,"href":"https:\/\/www.djurskyddet.se\/kristinehamn\/wp-json\/wp\/v2\/posts\/8390\/revisions\/8610"}],"wp:featuredmedia":[{"embeddable":true,"href":"https:\/\/www.djurskyddet.se\/kristinehamn\/wp-json\/wp\/v2\/media\/8609"}],"wp:attachment":[{"href":"https:\/\/www.djurskyddet.se\/kristinehamn\/wp-json\/wp\/v2\/media?parent=8390"}],"wp:term":[{"taxonomy":"category","embeddable":true,"href":"https:\/\/www.djurskyddet.se\/kristinehamn\/wp-json\/wp\/v2\/categories?post=8390"},{"taxonomy":"post_tag","embeddable":true,"href":"https:\/\/www.djurskyddet.se\/kristinehamn\/wp-json\/wp\/v2\/tags?post=8390"}],"curies":[{"name":"wp","href":"https:\/\/api.w.org\/{rel}","templated":true}]}}