{"id":8394,"date":"2023-02-25T20:54:35","date_gmt":"2023-02-25T20:54:35","guid":{"rendered":"https:\/\/www.djurskyddet.se\/kristinehamn\/?p=8394"},"modified":"2023-04-05T21:28:50","modified_gmt":"2023-04-05T21:28:50","slug":"malte","status":"publish","type":"post","link":"https:\/\/www.djurskyddet.se\/kristinehamn\/adopterade-omplacerade-djur\/malte\/","title":{"rendered":"Malte har f\u00e5tt ett nytt hem!"},"content":{"rendered":"\n<p>Malte, som \u00e4r 1.5 \u00e5r gammal, \u00e4r aktiv, gosig och v\u00e4ldigt social.<br><br>Han \u00e4r  en stor kille som beh\u00f6ver komma till ett k\u00e4rleksfullt hem d\u00e4r han har tillg\u00e5ng till s\u00e4ker utevistelse efter att han bott ett tag i sitt nya hem.<br><br>Alla katter som adopteras ut fr\u00e5n oss, ungkatt till vuxen, \u00e4r kastrerade (kattungar kastreras senare), ID-m\u00e4rkta\/registrerade och vaccinerade.<\/p>\n\n\n<div class=\"wp-block-image\">\n<figure class=\"aligncenter size-full is-resized\"><img loading=\"lazy\" decoding=\"async\" src=\"https:\/\/www.djurskyddet.se\/kristinehamn\/wp-content\/uploads\/sites\/31\/2023\/02\/Malte-adopterad-1.jpg\" alt=\"\" class=\"wp-image-8543\" width=\"571\" height=\"571\" srcset=\"https:\/\/www.djurskyddet.se\/kristinehamn\/wp-content\/uploads\/sites\/31\/2023\/02\/Malte-adopterad-1.jpg 1024w, https:\/\/www.djurskyddet.se\/kristinehamn\/wp-content\/uploads\/sites\/31\/2023\/02\/Malte-adopterad-1-300x300.jpg 300w, https:\/\/www.djurskyddet.se\/kristinehamn\/wp-content\/uploads\/sites\/31\/2023\/02\/Malte-adopterad-1-150x150.jpg 150w, https:\/\/www.djurskyddet.se\/kristinehamn\/wp-content\/uploads\/sites\/31\/2023\/02\/Malte-adopterad-1-768x768.jpg 768w, https:\/\/www.djurskyddet.se\/kristinehamn\/wp-content\/uploads\/sites\/31\/2023\/02\/Malte-adopterad-1-400x400.jpg 400w\" sizes=\"auto, (max-width: 571px) 100vw, 571px\" \/><\/figure><\/div>","protected":false},"excerpt":{"rendered":"<p>Malte, som \u00e4r 1.5 \u00e5r gammal, \u00e4r aktiv, gosig och v\u00e4ldigt social. Han \u00e4r en stor kille som beh\u00f6ver komma till ett k\u00e4rleksfullt hem d\u00e4r han har tillg\u00e5ng till s\u00e4ker utevistelse efter att han bott ett tag i sitt nya hem. Alla katter som adopteras ut fr\u00e5n oss, ungkatt till vuxen, \u00e4r kastrerade (kattungar kastreras senare), ID-m\u00e4rkta\/registrerade och vaccinerade.<\/p>\n","protected":false},"author":42,"featured_media":8543,"comment_status":"closed","ping_status":"open","sticky":false,"template":"","format":"standard","meta":{"_acf_changed":false,"footnotes":""},"categories":[29],"tags":[],"class_list":["post-8394","post","type-post","status-publish","format-standard","has-post-thumbnail","hentry","category-adopterade-omplacerade-djur"],"acf":[],"_links":{"self":[{"href":"https:\/\/www.djurskyddet.se\/kristinehamn\/wp-json\/wp\/v2\/posts\/8394","targetHints":{"allow":["GET"]}}],"collection":[{"href":"https:\/\/www.djurskyddet.se\/kristinehamn\/wp-json\/wp\/v2\/posts"}],"about":[{"href":"https:\/\/www.djurskyddet.se\/kristinehamn\/wp-json\/wp\/v2\/types\/post"}],"author":[{"embeddable":true,"href":"https:\/\/www.djurskyddet.se\/kristinehamn\/wp-json\/wp\/v2\/users\/42"}],"replies":[{"embeddable":true,"href":"https:\/\/www.djurskyddet.se\/kristinehamn\/wp-json\/wp\/v2\/comments?post=8394"}],"version-history":[{"count":5,"href":"https:\/\/www.djurskyddet.se\/kristinehamn\/wp-json\/wp\/v2\/posts\/8394\/revisions"}],"predecessor-version":[{"id":8545,"href":"https:\/\/www.djurskyddet.se\/kristinehamn\/wp-json\/wp\/v2\/posts\/8394\/revisions\/8545"}],"wp:featuredmedia":[{"embeddable":true,"href":"https:\/\/www.djurskyddet.se\/kristinehamn\/wp-json\/wp\/v2\/media\/8543"}],"wp:attachment":[{"href":"https:\/\/www.djurskyddet.se\/kristinehamn\/wp-json\/wp\/v2\/media?parent=8394"}],"wp:term":[{"taxonomy":"category","embeddable":true,"href":"https:\/\/www.djurskyddet.se\/kristinehamn\/wp-json\/wp\/v2\/categories?post=8394"},{"taxonomy":"post_tag","embeddable":true,"href":"https:\/\/www.djurskyddet.se\/kristinehamn\/wp-json\/wp\/v2\/tags?post=8394"}],"curies":[{"name":"wp","href":"https:\/\/api.w.org\/{rel}","templated":true}]}}